{"id":2628,"date":"2020-02-17T09:53:40","date_gmt":"2020-02-17T12:53:40","guid":{"rendered":"http:\/\/comdep.com.br\/?p=2628"},"modified":"2020-02-17T09:54:00","modified_gmt":"2020-02-17T12:54:00","slug":"comdep-trabalhando-hoje-16-02-2020-nos-seguintes-locais","status":"publish","type":"post","link":"https:\/\/comdep.com.br\/?p=2628","title":{"rendered":"COMDEP trabalhando hoje 16\/02\/2020 nos seguintes locais:"},"content":{"rendered":"<p><strong>Diretoria de Limpeza P\u00fablica<\/strong><\/p>\n<p><strong>Varri\u00e7\u00e3o (das 07:00 at\u00e9 11:00) turma da manh\u00e3<\/strong>: Centro, Centro Hist\u00f3rico, Rua Teresa, Pra\u00e7a da Liberdade, Mosela, Bingen, Bar\u00e3o do Rio Branco, Cascatinha, Itamarati, Quissam\u00e3, Alto da Serra, Morim, pra\u00e7a Pasteur e Quitandinha *<\/p>\n<p><strong>Varri\u00e7\u00e3o<\/strong>: feira livre do Alto da Serra *<\/p>\n<p><strong>(03) funcion\u00e1rios<\/strong> trabalhando na feira livre do Alto da Serra na retirada de res\u00edduos debaixo das bancas *<\/p>\n<p><strong>Caminh\u00e3o (D08) recolhimento de sacos de varri\u00e7\u00e3o e lixos verdes<\/strong>: Quitandinha, Coronel Veiga, Centro, Centro Hist\u00f3rico e Bingen *<\/p>\n<p><strong>Varri\u00e7\u00e3o<\/strong>: feira livre da rua Duarte da Silveira *<\/p>\n<p><strong>Varri\u00e7\u00e3o (das 14:00 at\u00e9 18:00) turma da tarde<\/strong>: Centro, Centro Hist\u00f3rico e Rua Teresa *<\/p>\n<p><strong>Varri\u00e7\u00e3o (das 17:00 at\u00e9 23:00) turma da noite<\/strong>: Centro, Centro Hist\u00f3rico, Pra\u00e7a da Liberdade, 13 de Maio e Rua Teresa *<\/p>\n<p><strong>Eventos<\/strong><\/p>\n<p><strong>Montar<\/strong> 4 barracas no Bairro Morim Para o dia 16\/02 retirar barracas na pra\u00e7a Alcindo Sodr\u00e9 *<\/p>\n<p><strong>Diretoria de Obras<\/strong><\/p>\n<p><strong>Instala\u00e7\u00e3o<\/strong> de placa proibitiva nos bairros Dr Thouzet e Bingen *<\/p>\n<p><strong>Retirada<\/strong> de lixo verde no Loteamento Samambaia e Humberto Rovigatti *<\/p>\n<p><strong>Constru\u00e7\u00e3o de gaiola<\/strong> nas depend\u00eancias da Cia (oficina) *<\/p>\n","protected":false},"excerpt":{"rendered":"<p>Diretoria de Limpeza P\u00fablica Varri\u00e7\u00e3o (das 07:00 at\u00e9 11:00) turma da manh\u00e3: Centro, Centro Hist\u00f3rico, Rua Teresa, Pra\u00e7a da Liberdade, Mosela, Bingen, Bar\u00e3o do Rio Branco, Cascatinha, Itamarati, Quissam\u00e3, Alto da Serra, Morim, pra\u00e7a Pasteur e Quitandinha * Varri\u00e7\u00e3o: feira livre do Alto da Serra * (03) funcion\u00e1rios trabalhando na feira livre do Alto da&hellip;<\/p>\n","protected":false},"author":1,"featured_media":2629,"comment_status":"open","ping_status":"open","sticky":false,"template":"","format":"standard","meta":{"_themeisle_gutenberg_block_has_review":false,"footnotes":""},"categories":[1],"tags":[],"_links":{"self":[{"href":"https:\/\/comdep.com.br\/index.php?rest_route=\/wp\/v2\/posts\/2628"}],"collection":[{"href":"https:\/\/comdep.com.br\/index.php?rest_route=\/wp\/v2\/posts"}],"about":[{"href":"https:\/\/comdep.com.br\/index.php?rest_route=\/wp\/v2\/types\/post"}],"author":[{"embeddable":true,"href":"https:\/\/comdep.com.br\/index.php?rest_route=\/wp\/v2\/users\/1"}],"replies":[{"embeddable":true,"href":"https:\/\/comdep.com.br\/index.php?rest_route=%2Fwp%2Fv2%2Fcomments&post=2628"}],"version-history":[{"count":1,"href":"https:\/\/comdep.com.br\/index.php?rest_route=\/wp\/v2\/posts\/2628\/revisions"}],"predecessor-version":[{"id":2630,"href":"https:\/\/comdep.com.br\/index.php?rest_route=\/wp\/v2\/posts\/2628\/revisions\/2630"}],"wp:featuredmedia":[{"embeddable":true,"href":"https:\/\/comdep.com.br\/index.php?rest_route=\/wp\/v2\/media\/2629"}],"wp:attachment":[{"href":"https:\/\/comdep.com.br\/index.php?rest_route=%2Fwp%2Fv2%2Fmedia&parent=2628"}],"wp:term":[{"taxonomy":"category","embeddable":true,"href":"https:\/\/comdep.com.br\/index.php?rest_route=%2Fwp%2Fv2%2Fcategories&post=2628"},{"taxonomy":"post_tag","embeddable":true,"href":"https:\/\/comdep.com.br\/index.php?rest_route=%2Fwp%2Fv2%2Ftags&post=2628"}],"curies":[{"name":"wp","href":"https:\/\/api.w.org\/{rel}","templated":true}]}}