{"id":2631,"date":"2020-02-17T10:10:45","date_gmt":"2020-02-17T13:10:45","guid":{"rendered":"http:\/\/comdep.com.br\/?p=2631"},"modified":"2020-02-17T10:44:04","modified_gmt":"2020-02-17T13:44:04","slug":"comdep-trabalhando-hoje-17-02-2020-nos-seguintes-locais","status":"publish","type":"post","link":"https:\/\/comdep.com.br\/?p=2631","title":{"rendered":"COMDEP trabalhando hoje 17\/02\/2020 nos seguintes locais:"},"content":{"rendered":"<p><strong>Distrito<\/strong><\/p>\n<p><strong>Ro\u00e7ada e capina:<\/strong> Estrada Uni\u00e3o Ind\u00fastria canteiros do Jardim no trevo de Bonsucesso, Parque de Exposi\u00e7\u00e3o &nbsp;&nbsp;*<\/p>\n<p><strong>M\u00e1quina e caminh\u00f5es:<\/strong> paralisados no momento &nbsp;*<\/p>\n<p><strong>Varri\u00e7\u00e3o di\u00e1ria<\/strong>: Corr\u00eaas, Nogueiras, Araras, Itaipava, Madame Machado, Vila Rica, Pedro do Rio, Secret\u00e1rio *<\/p>\n<p><strong>Diretoria Operacional<\/strong><\/p>\n<p><strong>M\u00e1quinas e caminh\u00f5es<\/strong>: Independ\u00eancia, Caxambu, S\u00e3o Norberto, Fabr\u00edcio de Matos, Dias de Oliveira, Jo\u00e3o Xavier *<\/p>\n<p><strong>Caminh\u00e3o D 08:<\/strong> Centro Hist\u00f3rico e turmas *<\/p>\n<p><strong>Caminh\u00e3o Poli Guindaste<\/strong>: Independ\u00eancia *<\/p>\n<p><strong>Capina e ro\u00e7ada:<\/strong> Rua Teresa, Santos Dumont, Batista da Costa, Ladeira Jo\u00e3o Magiota, servid\u00e3o Batista Borzino Morin, Marciano Magalh\u00e3es, Casemiro de Abreu, Quarteir\u00e3o Ingelheim, Fragoso, Henrique Rafard, Eug\u00eanio Barcellos, Parque S\u00e3o Vicente, Caminho do Imperador, Oswaldo de Freitas, Bairro Castrioto, Col\u00f4mbia, Olga Castrioto *<\/p>\n<p><strong>Limpeza de rio<\/strong>: Rua Mosela *<\/p>\n<p><strong>Varri\u00e7\u00e3o<\/strong>: Get\u00falio Vargas, General Rondon, Coronel Veiga, Olavo Bilac, Castel\u00e2nea, pra\u00e7a Pasteur e Alto da Serra *<\/p>\n<p><strong>Caminh\u00e3o (C55) Pipa lavagem:<\/strong> Centro, Centro Hist\u00f3rico, pra\u00e7a Alcindo Sodr\u00e9 atr\u00e1s da banca de jornal ap\u00f3s verificando o chafariz da pra\u00e7a da liberdade *<\/p>\n<p><strong>Caminh\u00e3o (C20):<\/strong> manuten\u00e7\u00e3o na garagem *<\/p>\n<p><strong>Parques e Jardins<\/strong><\/p>\n<p><strong>Corte de grama<\/strong>: Rua do Imperador, Morin *<\/p>\n<p><strong>Jardim<\/strong>: Rua do Imperador&nbsp; *<\/p>\n<p><strong>Caminh\u00e3o do jardim<\/strong>: recolher vasos no Get\u00falio Vargas e tirar lixo Verde no Parque Cremerie *<\/p>\n<p><strong>Kombi do jardim<\/strong>: transporte de ferramentas *<\/p>\n<p><strong>Diretoria de Obras<\/strong><\/p>\n<p><strong>Capina<\/strong>: rua S\u00e3o Pedro de Alc\u00e2ntara (Catedral), Rua Floresta (continua\u00e7\u00e3o) *<\/p>\n<p><strong>Serralheria<\/strong>: confec\u00e7\u00e3o de coletoras na cia e continua\u00e7\u00e3o de montagem de gaiola para armazenamento (oficina) *<\/p>\n<p><strong>Pintura<\/strong>: Pra\u00e7a 14 Bis (continua\u00e7\u00e3o) e sala no Pal\u00e1cio S\u00e9rgio Fadel (continua\u00e7\u00e3o) *<\/p>\n<p><strong>Carpintaria<\/strong>: instala\u00e7\u00e3o de coletora suspensa no Centro Hist\u00f3rico e reinstala\u00e7\u00e3o de brinquedos na Pra\u00e7a Osvaldo Cruz *<\/p>\n<p><strong>Obras<\/strong>: troca de coletoras no Bairro da Gl\u00f3ria (3mts) *<\/p>\n<p><strong>Vistoria<\/strong> para posterior coloca\u00e7\u00e3o de tela e placa proibitiva de descarte de entulho no bairro *<\/p>\n<p><strong>El\u00e9trica<\/strong>: vistoria em chafarizes no Centro Hist\u00f3rico e bairros *<\/p>\n<p><strong>Eventos<\/strong><\/p>\n<p><strong>Retirar<\/strong> barracas no bairro Morin, barracas e palco no Contorno *<\/p>\n","protected":false},"excerpt":{"rendered":"<p>Distrito Ro\u00e7ada e capina: Estrada Uni\u00e3o Ind\u00fastria canteiros do Jardim no trevo de Bonsucesso, Parque de Exposi\u00e7\u00e3o &nbsp;&nbsp;* M\u00e1quina e caminh\u00f5es: paralisados no momento &nbsp;* Varri\u00e7\u00e3o di\u00e1ria: Corr\u00eaas, Nogueiras, Araras, Itaipava, Madame Machado, Vila Rica, Pedro do Rio, Secret\u00e1rio * Diretoria Operacional M\u00e1quinas e caminh\u00f5es: Independ\u00eancia, Caxambu, S\u00e3o Norberto, Fabr\u00edcio de Matos, Dias de Oliveira,&hellip;<\/p>\n","protected":false},"author":1,"featured_media":2639,"comment_status":"open","ping_status":"open","sticky":false,"template":"","format":"standard","meta":{"_themeisle_gutenberg_block_has_review":false,"footnotes":""},"categories":[1],"tags":[],"_links":{"self":[{"href":"https:\/\/comdep.com.br\/index.php?rest_route=\/wp\/v2\/posts\/2631"}],"collection":[{"href":"https:\/\/comdep.com.br\/index.php?rest_route=\/wp\/v2\/posts"}],"about":[{"href":"https:\/\/comdep.com.br\/index.php?rest_route=\/wp\/v2\/types\/post"}],"author":[{"embeddable":true,"href":"https:\/\/comdep.com.br\/index.php?rest_route=\/wp\/v2\/users\/1"}],"replies":[{"embeddable":true,"href":"https:\/\/comdep.com.br\/index.php?rest_route=%2Fwp%2Fv2%2Fcomments&post=2631"}],"version-history":[{"count":2,"href":"https:\/\/comdep.com.br\/index.php?rest_route=\/wp\/v2\/posts\/2631\/revisions"}],"predecessor-version":[{"id":2633,"href":"https:\/\/comdep.com.br\/index.php?rest_route=\/wp\/v2\/posts\/2631\/revisions\/2633"}],"wp:featuredmedia":[{"embeddable":true,"href":"https:\/\/comdep.com.br\/index.php?rest_route=\/wp\/v2\/media\/2639"}],"wp:attachment":[{"href":"https:\/\/comdep.com.br\/index.php?rest_route=%2Fwp%2Fv2%2Fmedia&parent=2631"}],"wp:term":[{"taxonomy":"category","embeddable":true,"href":"https:\/\/comdep.com.br\/index.php?rest_route=%2Fwp%2Fv2%2Fcategories&post=2631"},{"taxonomy":"post_tag","embeddable":true,"href":"https:\/\/comdep.com.br\/index.php?rest_route=%2Fwp%2Fv2%2Ftags&post=2631"}],"curies":[{"name":"wp","href":"https:\/\/api.w.org\/{rel}","templated":true}]}}