{"id":2665,"date":"2020-02-21T10:22:13","date_gmt":"2020-02-21T13:22:13","guid":{"rendered":"http:\/\/comdep.com.br\/?p=2665"},"modified":"2020-02-21T10:24:01","modified_gmt":"2020-02-21T13:24:01","slug":"2665","status":"publish","type":"post","link":"https:\/\/comdep.com.br\/?p=2665","title":{"rendered":"COMDEP trabalhando hoje 21\/02\/2020 nos seguintes locais:"},"content":{"rendered":"<p><strong>Distrito<\/strong><\/p>\n<p><strong>Ro\u00e7ada e capina<\/strong>: continua\u00e7\u00e3o Uni\u00e3o e Ind\u00fastria, Entrada do Catubira &nbsp;&nbsp;*<\/p>\n<p><strong>M\u00e1quina e caminh\u00f5es<\/strong>: Coletora do Catubira, Coletora Domingos Jos\u00e9 Martins, Coletora Souza Cruz, recolher sacos Uni\u00e3o e Ind\u00fastria &nbsp;*<\/p>\n<p><strong>Varri\u00e7\u00e3o di\u00e1ria<\/strong>: Corr\u00eaas, Nogueiras, Araras, Itaipava, Madame Machado, Vila Rica, Pedro do Rio, Secret\u00e1rio *<\/p>\n<p><strong>Diretoria Operacional<\/strong><\/p>\n<p><strong>Varri\u00e7\u00e3o<\/strong>: Castel\u00e2nea, Conde D&#8217;Eu, pra\u00e7a Catulo, pra\u00e7a Pasteur, Cardoso Fontes, Ch\u00e1cara Flora e Sargento Fontes *<\/p>\n<p><strong>Caminh\u00e3o (C55) Pipa lavagem<\/strong>: Centro, Centro Hist\u00f3rico, pra\u00e7a Alcindo Sodr\u00e9 atr\u00e1s da banca de jornal *<\/p>\n<p><strong>Caminh\u00e3o (C20) recolhimento de sacos de varri\u00e7\u00e3o<\/strong>: Quitandinha, Coronel Veiga, pra\u00e7a Pasteur, Alto da Serra, Morin, Centro, Centro Hist\u00f3rico e Bingen *<\/p>\n<p><strong>Varri\u00e7\u00e3o<\/strong>: feira livre da rua Francisco Manoel *<\/p>\n<p><strong>M\u00e1quinas e caminh\u00f5es<\/strong>: Morin, Vila Ipanema, Pernambuco, Alagoas, casa Bar\u00e3o de Mau\u00e1, pronto Socorro Nelson S\u00e1 Earp, Duarte da Silveira &nbsp;*<\/p>\n<p><strong>Caminh\u00e3o D 08<\/strong>: Centro Hist\u00f3rico e turmas *<\/p>\n<p><strong>Caminh\u00e3o Poli Guindaste<\/strong>: Independ\u00eancia *<\/p>\n<p><strong>Capina e ro\u00e7ada<\/strong>: Cel Veiga, Col\u00f4mbia, General Rondon, Bol\u00edvia, Paraguai, Uruguai, Travessa Niter\u00f3i, Vila Cezar de Leonardo, Rep\u00fablica do Peru, Dr S\u00e1 Earp, Imperatriz, Conde D\u2019Eu, Estrada de Cascatinha, Centen\u00e1rio, Venezuela, Olga Castrioto *<\/p>\n<p><strong>Limpeza de rio<\/strong>: Rua Olavo Bilac *<\/p>\n<p><strong>Parques e Jardins<\/strong><\/p>\n<p><strong>Corte de grama<\/strong>: Bingen &nbsp;*<\/p>\n<p><strong>Jardim<\/strong>: Bingen &nbsp;*<\/p>\n<p><strong>Caminh\u00e3o do jardim<\/strong>: recolher lixo verde Figueira de Melo &nbsp;*<\/p>\n<p><strong>Kombi do jardim<\/strong>: transporte de ferramentas *<\/p>\n<p><strong>Diretoria de Obras<\/strong><\/p>\n<p><strong>Capina ro\u00e7ada e limpeza de canaletas<\/strong>: Rua Henrique Paix\u00e3o (Bairro Floresta) *<\/p>\n<p><strong>Capina e limpeza de ralos<\/strong>: Rua S\u00e3o Pedro de Alc\u00e2ntara (Catedral) *<\/p>\n<p><strong>Pintura<\/strong>: continua\u00e7\u00e3o na sede da cia Coronel Veiga, e in\u00edcio prepara\u00e7\u00e3o para posterior pintura espa\u00e7o do feirante (Souza Franco) *<\/p>\n<p><strong>Carpintaria<\/strong>: confec\u00e7\u00e3o de brinquedos no setor e vistoria em lixeiras suspensa no Centro *<\/p>\n<p><strong>Obras<\/strong>: in\u00edcio de estacamento em espa\u00e7o esportivo no bairro Bela Vista e vistoria em chafariz (Pra\u00e7a da \u00c1guia) &nbsp;*<\/p>\n<p><strong>Serralheria<\/strong>: confec\u00e7\u00e3o de coletoras na cia *<\/p>\n<p><strong>El\u00e9trica<\/strong>: vistoria em chafarizes no Centro Hist\u00f3rico e bairros *<\/p>\n<p><strong>Eventos<\/strong><\/p>\n<p><strong>Montar<\/strong> 1 barraca na pra\u00e7a Alcindo Sodr\u00e9, 1 barraca Independ\u00eancia (Lar Santa Catarina), pra\u00e7a de Corr\u00eaas 4 barracas e 1 palco 3&#215;6 e Posse pra\u00e7a do C\u00e9u 1 palco 3&#215;3 *<\/p>\n","protected":false},"excerpt":{"rendered":"<p>Distrito Ro\u00e7ada e capina: continua\u00e7\u00e3o Uni\u00e3o e Ind\u00fastria, Entrada do Catubira &nbsp;&nbsp;* M\u00e1quina e caminh\u00f5es: Coletora do Catubira, Coletora Domingos Jos\u00e9 Martins, Coletora Souza Cruz, recolher sacos Uni\u00e3o e Ind\u00fastria &nbsp;* Varri\u00e7\u00e3o di\u00e1ria: Corr\u00eaas, Nogueiras, Araras, Itaipava, Madame Machado, Vila Rica, Pedro do Rio, Secret\u00e1rio * Diretoria Operacional Varri\u00e7\u00e3o: Castel\u00e2nea, Conde D&#8217;Eu, pra\u00e7a Catulo, pra\u00e7a&hellip;<\/p>\n","protected":false},"author":1,"featured_media":2668,"comment_status":"open","ping_status":"open","sticky":false,"template":"","format":"standard","meta":{"_themeisle_gutenberg_block_has_review":false,"footnotes":""},"categories":[1],"tags":[],"_links":{"self":[{"href":"https:\/\/comdep.com.br\/index.php?rest_route=\/wp\/v2\/posts\/2665"}],"collection":[{"href":"https:\/\/comdep.com.br\/index.php?rest_route=\/wp\/v2\/posts"}],"about":[{"href":"https:\/\/comdep.com.br\/index.php?rest_route=\/wp\/v2\/types\/post"}],"author":[{"embeddable":true,"href":"https:\/\/comdep.com.br\/index.php?rest_route=\/wp\/v2\/users\/1"}],"replies":[{"embeddable":true,"href":"https:\/\/comdep.com.br\/index.php?rest_route=%2Fwp%2Fv2%2Fcomments&post=2665"}],"version-history":[{"count":3,"href":"https:\/\/comdep.com.br\/index.php?rest_route=\/wp\/v2\/posts\/2665\/revisions"}],"predecessor-version":[{"id":2669,"href":"https:\/\/comdep.com.br\/index.php?rest_route=\/wp\/v2\/posts\/2665\/revisions\/2669"}],"wp:featuredmedia":[{"embeddable":true,"href":"https:\/\/comdep.com.br\/index.php?rest_route=\/wp\/v2\/media\/2668"}],"wp:attachment":[{"href":"https:\/\/comdep.com.br\/index.php?rest_route=%2Fwp%2Fv2%2Fmedia&parent=2665"}],"wp:term":[{"taxonomy":"category","embeddable":true,"href":"https:\/\/comdep.com.br\/index.php?rest_route=%2Fwp%2Fv2%2Fcategories&post=2665"},{"taxonomy":"post_tag","embeddable":true,"href":"https:\/\/comdep.com.br\/index.php?rest_route=%2Fwp%2Fv2%2Ftags&post=2665"}],"curies":[{"name":"wp","href":"https:\/\/api.w.org\/{rel}","templated":true}]}}