{"id":2675,"date":"2020-02-24T20:12:19","date_gmt":"2020-02-24T23:12:19","guid":{"rendered":"http:\/\/comdep.com.br\/?p=2675"},"modified":"2020-02-24T20:13:22","modified_gmt":"2020-02-24T23:13:22","slug":"comdep-trabalhando-hoje-dia-22-02-2020-nos-seguintes-locais","status":"publish","type":"post","link":"https:\/\/comdep.com.br\/?p=2675","title":{"rendered":"COMDEP trabalhando hoje dia 22\/02\/2020 nos seguintes locais:"},"content":{"rendered":"<p><strong>Parques e Jardins<\/strong><\/p>\n<p><strong>Corte de grama:<\/strong> Mosela e Defesa Civil &nbsp;*<\/p>\n<p><strong>Caminh\u00e3o do jardim:<\/strong> recolher lixo verde Centro Hist\u00f3rico &nbsp;*<\/p>\n<p><strong>Kombi<\/strong>: transporte de ferramentas *<\/p>\n<p><strong>Diretoria Operacional<\/strong><\/p>\n<p><strong>M\u00e1quina e caminh\u00f5es:<\/strong> Floreano Peixoto, Alberto Torres, Fonseca Ramos, Quissam\u00e3, Pedro Elmer, Lu\u00eds Paulistano,Bernardo de Vasconcelos, Ivio Naliato,Humberto Rovigati, Loteamento samambaia *<\/p>\n<p><strong>Capina<\/strong>: Hercides Jos\u00e9 Estrela, Gabriel Vieira *<\/p>\n<p><strong>Caminh\u00e3o Poli Guindaste<\/strong>: Independ\u00eancia, Boa Vista *<\/p>\n<p><strong>Caminh\u00e3o D 08:<\/strong> Treze de Maio e Centro Hist\u00f3rico *<\/p>\n<p><strong>Diretoria de Limpeza Urbana<\/strong><\/p>\n<p><strong>Caminh\u00e3o (C55) Pipa lavagem<\/strong>: Centro, Centro Hist\u00f3rico, quadra do Alto da Serra (banheiros qu\u00edmicos), Cascatinha, Nogueira (banheiros qu\u00edmicos) esquema especial de carnaval *<\/p>\n<p><strong>Caminh\u00e3o (C20) recolhimento de sacos de varri\u00e7\u00e3o<\/strong>: Quitandinha, coronel Veiga, pra\u00e7a Pasteur, Alto da Serra, Centro, Centro Hist\u00f3rico, Itamarati e Cascatinha(esquema especial de carnaval) *<\/p>\n<p><strong>Varri\u00e7\u00e3o<\/strong>: Quitandinha, coronel Veiga, S\u00e3o Sebasti\u00e3o, Castel\u00e2nea, pra\u00e7a Pasteur, Alto da Serra, Centro, Centro Hist\u00f3rico, pra\u00e7a da liberdade, Mosela, Bar\u00e3o do Rio Branco, Retiro e Bingen *<\/p>\n<p><strong>Varri\u00e7\u00e3o<\/strong>: feira livre do Centro *<\/p>\n<p><strong>(03) funcion\u00e1rios<\/strong> trabalhando na feira livre do Centro na retirada de res\u00edduos debaixo das bancas *<\/p>\n<p><strong>(06) funcion\u00e1rios<\/strong> trabalhando na limpeza da pra\u00e7a da liberdade e adjac\u00eancias (das 12:00 at\u00e9 18:09) esquema especial de carnaval *<\/p>\n<p><strong>Distritos<\/strong><\/p>\n<p><strong>Ro\u00e7ada e capina<\/strong>: continua\u00e7\u00e3o Estrada Uni\u00e3o Ind\u00fastria &nbsp;*<\/p>\n<p><strong>M\u00e1quina e Caminh\u00f5es<\/strong>: continua\u00e7\u00e3o coletora Souza Cruz, coletora Araras Apoio limpeza Carnaval Corr\u00eaas, Nogueiras, Pedro do Rio &nbsp;*<\/p>\n<p><strong>Varri\u00e7\u00e3o di\u00e1ria<\/strong>: Corr\u00eaas, Nogueiras, Araras, Itaipava, Vila Rica, Pedro do Rio, Secret\u00e1rio *<\/p>\n<p><strong>Eventos<\/strong><\/p>\n<p><strong>Montar<\/strong> 6 barracas na pra\u00e7a Alcindo Sodr\u00e9, 4 barracas na pra\u00e7a de Correas *<\/p>\n<p>&nbsp;<\/p>\n","protected":false},"excerpt":{"rendered":"<p>Parques e Jardins Corte de grama: Mosela e Defesa Civil &nbsp;* Caminh\u00e3o do jardim: recolher lixo verde Centro Hist\u00f3rico &nbsp;* Kombi: transporte de ferramentas * Diretoria Operacional M\u00e1quina e caminh\u00f5es: Floreano Peixoto, Alberto Torres, Fonseca Ramos, Quissam\u00e3, Pedro Elmer, Lu\u00eds Paulistano,Bernardo de Vasconcelos, Ivio Naliato,Humberto Rovigati, Loteamento samambaia * Capina: Hercides Jos\u00e9 Estrela, Gabriel Vieira&hellip;<\/p>\n","protected":false},"author":1,"featured_media":2677,"comment_status":"open","ping_status":"open","sticky":false,"template":"","format":"standard","meta":{"_themeisle_gutenberg_block_has_review":false,"footnotes":""},"categories":[1],"tags":[],"_links":{"self":[{"href":"https:\/\/comdep.com.br\/index.php?rest_route=\/wp\/v2\/posts\/2675"}],"collection":[{"href":"https:\/\/comdep.com.br\/index.php?rest_route=\/wp\/v2\/posts"}],"about":[{"href":"https:\/\/comdep.com.br\/index.php?rest_route=\/wp\/v2\/types\/post"}],"author":[{"embeddable":true,"href":"https:\/\/comdep.com.br\/index.php?rest_route=\/wp\/v2\/users\/1"}],"replies":[{"embeddable":true,"href":"https:\/\/comdep.com.br\/index.php?rest_route=%2Fwp%2Fv2%2Fcomments&post=2675"}],"version-history":[{"count":2,"href":"https:\/\/comdep.com.br\/index.php?rest_route=\/wp\/v2\/posts\/2675\/revisions"}],"predecessor-version":[{"id":2678,"href":"https:\/\/comdep.com.br\/index.php?rest_route=\/wp\/v2\/posts\/2675\/revisions\/2678"}],"wp:featuredmedia":[{"embeddable":true,"href":"https:\/\/comdep.com.br\/index.php?rest_route=\/wp\/v2\/media\/2677"}],"wp:attachment":[{"href":"https:\/\/comdep.com.br\/index.php?rest_route=%2Fwp%2Fv2%2Fmedia&parent=2675"}],"wp:term":[{"taxonomy":"category","embeddable":true,"href":"https:\/\/comdep.com.br\/index.php?rest_route=%2Fwp%2Fv2%2Fcategories&post=2675"},{"taxonomy":"post_tag","embeddable":true,"href":"https:\/\/comdep.com.br\/index.php?rest_route=%2Fwp%2Fv2%2Ftags&post=2675"}],"curies":[{"name":"wp","href":"https:\/\/api.w.org\/{rel}","templated":true}]}}