{"id":2679,"date":"2020-02-24T20:22:55","date_gmt":"2020-02-24T23:22:55","guid":{"rendered":"http:\/\/comdep.com.br\/?p=2679"},"modified":"2020-02-24T20:22:55","modified_gmt":"2020-02-24T23:22:55","slug":"comdep-trabalhando-hoje-dia-23-02-2020-nos-seguintes-locais","status":"publish","type":"post","link":"https:\/\/comdep.com.br\/?p=2679","title":{"rendered":"COMDEP trabalhando hoje dia 23\/02\/2020 nos seguintes locais:"},"content":{"rendered":"<p><strong>Diretoria de Limpeza P\u00fablica<\/strong><\/p>\n<p><strong>Varri\u00e7\u00e3o:(das 07:00 at\u00e9 12:00) turma da manh\u00e3 (esquema especial de carnaval):<\/strong> Centro, centro hist\u00f3rico, pra\u00e7a da liberdade, Mosela, Bingen, Quitandinha, coronel Veiga, S\u00e3o Sebasti\u00e3o, pra\u00e7a Pasteur, Alto da Serra, Bar\u00e3o do Rio Branco, Retiro, Cascatinha, Itamarati, Quissam\u00e3 e Rua Teresa. *<\/p>\n<p><strong>Varri\u00e7\u00e3o<\/strong>: feira livre do Alto da Serra *<\/p>\n<p><strong>(03) funcion\u00e1rios<\/strong> trabalhando na feira livre do Alto da Serra na retirada de res\u00edduos debaixo das bancas *<\/p>\n<p><strong>(06) funcion\u00e1rios<\/strong> trabalhando na limpeza da pra\u00e7a da liberdade e adjac\u00eancias (esquema especial de carnaval) *<\/p>\n<p><strong>Caminh\u00e3o (C55) Pipa lavagem:<\/strong> Centro, centro hist\u00f3rico, Alto da Serra (quadra) banheiros qu\u00edmicos\u00a0 e Nogueira (banheiros qu\u00edmicos) esquema especial de carnaval. *<\/p>\n<p><strong>Caminh\u00e3o (C20) recolhimento de sacos de varri\u00e7\u00e3o:<\/strong> Quitandinha, Coronel Veiga, pra\u00e7a Pasteur, Alto da Serra, centro, centro hist\u00f3rico, Itamarati, Cascatinha e Bingen (esquema especial de carnaval) *<\/p>\n<p><strong>Varri\u00e7\u00e3o (das 14:00 at\u00e9 18:00) turma da tarde (esquema especial de carnaval):<\/strong> Centro, Centro Hist\u00f3rico e Rua Teresa *<\/p>\n<p><strong>Varri\u00e7\u00e3o (das 17:00 at\u00e9 23:00) turma da noite (esquema especial de carnaval)<\/strong>: Centro, Centro Hist\u00f3rico, pra\u00e7a da Liberdade, 13 de Maio, rua Teresa e Alto da Serra *<\/p>\n<p><strong>Distritos<\/strong><\/p>\n<p><strong>Apoio<\/strong> limpeza Carnaval Corr\u00eaas, Nogueiras, Pedro do Rio *<\/p>\n<p><strong>Eventos<\/strong><\/p>\n<p><strong>Retirar<\/strong> barracas na pra\u00e7a Alcindo Sodr\u00e9, barracas na pra\u00e7a da Catedral e montar 1barracas no bairro Floresta. Manuten\u00e7\u00e3o nos lugares onde tem carnaval *<\/p>\n","protected":false},"excerpt":{"rendered":"<p>Diretoria de Limpeza P\u00fablica Varri\u00e7\u00e3o:(das 07:00 at\u00e9 12:00) turma da manh\u00e3 (esquema especial de carnaval): Centro, centro hist\u00f3rico, pra\u00e7a da liberdade, Mosela, Bingen, Quitandinha, coronel Veiga, S\u00e3o Sebasti\u00e3o, pra\u00e7a Pasteur, Alto da Serra, Bar\u00e3o do Rio Branco, Retiro, Cascatinha, Itamarati, Quissam\u00e3 e Rua Teresa. * Varri\u00e7\u00e3o: feira livre do Alto da Serra * (03) funcion\u00e1rios&hellip;<\/p>\n","protected":false},"author":1,"featured_media":2680,"comment_status":"open","ping_status":"open","sticky":false,"template":"","format":"standard","meta":{"_themeisle_gutenberg_block_has_review":false,"footnotes":""},"categories":[1],"tags":[],"_links":{"self":[{"href":"https:\/\/comdep.com.br\/index.php?rest_route=\/wp\/v2\/posts\/2679"}],"collection":[{"href":"https:\/\/comdep.com.br\/index.php?rest_route=\/wp\/v2\/posts"}],"about":[{"href":"https:\/\/comdep.com.br\/index.php?rest_route=\/wp\/v2\/types\/post"}],"author":[{"embeddable":true,"href":"https:\/\/comdep.com.br\/index.php?rest_route=\/wp\/v2\/users\/1"}],"replies":[{"embeddable":true,"href":"https:\/\/comdep.com.br\/index.php?rest_route=%2Fwp%2Fv2%2Fcomments&post=2679"}],"version-history":[{"count":1,"href":"https:\/\/comdep.com.br\/index.php?rest_route=\/wp\/v2\/posts\/2679\/revisions"}],"predecessor-version":[{"id":2681,"href":"https:\/\/comdep.com.br\/index.php?rest_route=\/wp\/v2\/posts\/2679\/revisions\/2681"}],"wp:featuredmedia":[{"embeddable":true,"href":"https:\/\/comdep.com.br\/index.php?rest_route=\/wp\/v2\/media\/2680"}],"wp:attachment":[{"href":"https:\/\/comdep.com.br\/index.php?rest_route=%2Fwp%2Fv2%2Fmedia&parent=2679"}],"wp:term":[{"taxonomy":"category","embeddable":true,"href":"https:\/\/comdep.com.br\/index.php?rest_route=%2Fwp%2Fv2%2Fcategories&post=2679"},{"taxonomy":"post_tag","embeddable":true,"href":"https:\/\/comdep.com.br\/index.php?rest_route=%2Fwp%2Fv2%2Ftags&post=2679"}],"curies":[{"name":"wp","href":"https:\/\/api.w.org\/{rel}","templated":true}]}}