{"id":2682,"date":"2020-02-24T20:31:08","date_gmt":"2020-02-24T23:31:08","guid":{"rendered":"http:\/\/comdep.com.br\/?p=2682"},"modified":"2020-02-24T20:33:11","modified_gmt":"2020-02-24T23:33:11","slug":"comdep-trabalhando-hoje-dia-24-02-2020-nos-seguintes-locais","status":"publish","type":"post","link":"https:\/\/comdep.com.br\/?p=2682","title":{"rendered":"COMDEP trabalhando hoje dia 24\/02\/2020 nos seguintes locais:"},"content":{"rendered":"<p><strong>Diretoria Operacional<\/strong><\/p>\n<p><strong>M\u00e1quina e caminh\u00f5es:<\/strong> S\u00e3o Norberto, Cel. Veiga, S\u00e3o Sebasti\u00e3o, Sim\u00e9ria, Honduras, Col\u00f4mbia, Venezuela, Uruguai, Rep\u00fablica do Peru, Chapa Quatro, Thouzet *<\/p>\n<p><strong>Caminh\u00e3o D 08: Centro Hist\u00f3rico e turmas:<\/strong> Capina: Rua Paraguai, Guatemala,Dr.J\u00falio Pinto Duarte, Heitor de Aquiles, Nicar\u00e1gua *<\/p>\n<p><strong>Diretoria de Limpeza P\u00fablica<\/strong><\/p>\n<p><strong>Varri\u00e7\u00e3o:(esquema especial de carnaval)<\/strong>: Centro, Centro Hist\u00f3rico, Quitandinha, Coronel Veiga, S\u00e3o Sebasti\u00e3o, Castel\u00e2nea, pra\u00e7a Pasteur, Alto da Serra, Morim, Quissam\u00e3, Itamarati, Cascatinha, Retiro, Bar\u00e3o do Rio Branco, Mosela e Bingen. *<\/p>\n<p><strong>Caminh\u00e3o (C55) Pipa lavagem:(esquema especial de carnaval)<\/strong>: Centro, Centro Hist\u00f3rico, Alto da Serra (banheiros qu\u00edmicos), Nogueira (banheiros qu\u00edmicos). *<\/p>\n<p><strong>Caminh\u00e3o (C20) recolhimento de sacos de varri\u00e7\u00e3o<\/strong> (esquema especial de carnaval): Quitandinha, Coronel Veiga, pra\u00e7a Pasteur, Alto da Serra, Centro, Centro Hist\u00f3rico, Itamarati e Cascatinha *<\/p>\n<p><strong>&nbsp;(06) funcion\u00e1rios<\/strong> trabalhando na limpeza da pra\u00e7a da liberdade e adjac\u00eancias (esquema especial de carnaval) *<\/p>\n<p><strong>Varri\u00e7\u00e3o<\/strong> (Bar\u00e3o do Rio Branco) esquema especial de carnaval *<\/p>\n<p><strong>Pra\u00e7a Clementina de Jesus<\/strong> (banheiros abertos at\u00e9 23:00) esquema especial de carnaval *<\/p>\n<p><strong>Varri\u00e7\u00e3o<\/strong> (Cascatinha, Itamarati e Quissam\u00e3) esquema especial de carnaval *<\/p>\n<p><strong>Varri\u00e7\u00e3o<\/strong> (Quadra do Alto da Serra e adjac\u00eancias) turma da noite (esquema especial de carnaval) *<\/p>\n<p><strong>Varri\u00e7\u00e3o<\/strong> (pra\u00e7a da liberdade e adjac\u00eancias) turma da noite esquema especial de carnaval) *<\/p>\n<p><strong>Eventos<\/strong><\/p>\n<p><strong>Manuten\u00e7\u00e3o<\/strong> no material montado *<\/p>\n<p>&nbsp;<\/p>\n","protected":false},"excerpt":{"rendered":"<p>Diretoria Operacional M\u00e1quina e caminh\u00f5es: S\u00e3o Norberto, Cel. Veiga, S\u00e3o Sebasti\u00e3o, Sim\u00e9ria, Honduras, Col\u00f4mbia, Venezuela, Uruguai, Rep\u00fablica do Peru, Chapa Quatro, Thouzet * Caminh\u00e3o D 08: Centro Hist\u00f3rico e turmas: Capina: Rua Paraguai, Guatemala,Dr.J\u00falio Pinto Duarte, Heitor de Aquiles, Nicar\u00e1gua * Diretoria de Limpeza P\u00fablica Varri\u00e7\u00e3o:(esquema especial de carnaval): Centro, Centro Hist\u00f3rico, Quitandinha, Coronel Veiga,&hellip;<\/p>\n","protected":false},"author":1,"featured_media":2684,"comment_status":"open","ping_status":"open","sticky":false,"template":"","format":"standard","meta":{"_themeisle_gutenberg_block_has_review":false,"footnotes":""},"categories":[1],"tags":[],"_links":{"self":[{"href":"https:\/\/comdep.com.br\/index.php?rest_route=\/wp\/v2\/posts\/2682"}],"collection":[{"href":"https:\/\/comdep.com.br\/index.php?rest_route=\/wp\/v2\/posts"}],"about":[{"href":"https:\/\/comdep.com.br\/index.php?rest_route=\/wp\/v2\/types\/post"}],"author":[{"embeddable":true,"href":"https:\/\/comdep.com.br\/index.php?rest_route=\/wp\/v2\/users\/1"}],"replies":[{"embeddable":true,"href":"https:\/\/comdep.com.br\/index.php?rest_route=%2Fwp%2Fv2%2Fcomments&post=2682"}],"version-history":[{"count":2,"href":"https:\/\/comdep.com.br\/index.php?rest_route=\/wp\/v2\/posts\/2682\/revisions"}],"predecessor-version":[{"id":2685,"href":"https:\/\/comdep.com.br\/index.php?rest_route=\/wp\/v2\/posts\/2682\/revisions\/2685"}],"wp:featuredmedia":[{"embeddable":true,"href":"https:\/\/comdep.com.br\/index.php?rest_route=\/wp\/v2\/media\/2684"}],"wp:attachment":[{"href":"https:\/\/comdep.com.br\/index.php?rest_route=%2Fwp%2Fv2%2Fmedia&parent=2682"}],"wp:term":[{"taxonomy":"category","embeddable":true,"href":"https:\/\/comdep.com.br\/index.php?rest_route=%2Fwp%2Fv2%2Fcategories&post=2682"},{"taxonomy":"post_tag","embeddable":true,"href":"https:\/\/comdep.com.br\/index.php?rest_route=%2Fwp%2Fv2%2Ftags&post=2682"}],"curies":[{"name":"wp","href":"https:\/\/api.w.org\/{rel}","templated":true}]}}