{"id":2686,"date":"2020-02-26T10:02:10","date_gmt":"2020-02-26T13:02:10","guid":{"rendered":"http:\/\/comdep.com.br\/?p=2686"},"modified":"2020-02-26T10:03:21","modified_gmt":"2020-02-26T13:03:21","slug":"comdep-trabalhando-hoje-25-02-2020-nos-seguintes-locais","status":"publish","type":"post","link":"https:\/\/comdep.com.br\/?p=2686","title":{"rendered":"COMDEP trabalhando hoje 25\/02\/2020 nos seguintes locais:"},"content":{"rendered":"<p><strong>Diretoria de Limpeza Urbana<\/strong><\/p>\n<p><strong>Varri\u00e7\u00e3o (das 07:09&nbsp; at\u00e9 12:00)&nbsp;&nbsp; turma da manh\u00e3 (esquema especial de Carnaval)<\/strong>: Centro, Centro Hist\u00f3rico, Pra\u00e7a da Liberdade, Rua Teresa, Alto da Serra, Pra\u00e7a Pasteur, S\u00e3o Sebasti\u00e3o, Quitandinha, Bar\u00e3o do Rio Branco, Retiro, Cascatinha, Itamarati e Quissam\u00e3 *<\/p>\n<p><strong>Varri\u00e7\u00e3o<\/strong>: feira livre do Centro *<\/p>\n<p><strong>(03) funcion\u00e1rios<\/strong> trabalhando na feira livre do Centro na retirada de res\u00edduos debaixo das bancas *<\/p>\n<p><strong>(06) funcion\u00e1rios<\/strong> trabalhando na limpeza da Pra\u00e7a da Liberdade e adjac\u00eancias (das 12:00 at\u00e9 18:00) &#8211; esquema especial de Carnaval *<\/p>\n<p><strong>Caminh\u00e3o (C55) Pipa lavagem (esquema especial de Carnaval)<\/strong>: Centro, Centro Hist\u00f3rico, Alto da Serra (banheiros qu\u00edmicos) e Nogueira (banheiros qu\u00edmicos) *<\/p>\n<p><strong>Caminh\u00e3o (C20) recolhimento de sacos de varri\u00e7\u00e3o (esquema especial de Carnaval)<\/strong>: Quitandinha, coronel Veiga, Pra\u00e7a Pasteur, Alto da Serra, Centro, Centro Hist\u00f3rico, Itamarati e Cascatinha *<\/p>\n<p><strong>Varri\u00e7\u00e3o (das 14:00 at\u00e9 18:00) turma da tarde (esquema especial de Carnaval)<\/strong>: Centro, Centro Hist\u00f3rico e Rua Teresa *<\/p>\n<p><strong>Varri\u00e7\u00e3o (das 17:00 at\u00e9 23:00) turma da noite (esquema especial de Carnaval)<\/strong>: Centro, Centro Hist\u00f3rico, Pra\u00e7a da Liberdade, 13 de maio, Rua Teresa e Alto da Serra *<\/p>\n<p><strong>Varri\u00e7\u00e3o<\/strong>: Quitandinha e adjac\u00eancias &#8211; esquema especial de Carnaval *<\/p>\n<p><strong>Varri\u00e7\u00e3o<\/strong>: Quadra do Alto da Serra e adjac\u00eancias &#8211; esquema especial de Carnaval *<\/p>\n<p><strong>Varri\u00e7\u00e3o<\/strong>: Centro Hist\u00f3rico, Pra\u00e7a da Liberdade e 13 de Maio, turma da manh\u00e3 &#8211; esquema especial de Carnaval &nbsp;*<\/p>\n<p><strong>Quadra do Alto da Serra<\/strong>: lavando os banheiros qu\u00edmicos &#8211; esquema especial de Carnaval *<\/p>\n<p><strong>Varri\u00e7\u00e3o<\/strong>: Valpara\u00edso e adjac\u00eancias &#8211; esquema especial de Carnaval *<\/p>\n<p><strong>Caminh\u00e3o (C20)<\/strong>: recolhimento de sacos de Varri\u00e7\u00e3o &#8211; esquema especial de Carnaval *<\/p>\n<p><strong>Varri\u00e7\u00e3o<\/strong>: Pra\u00e7a Clementina de Jesus e Centro da cidade, turma da noite (esquema especial de Carnaval *<\/p>\n<p><strong>Varri\u00e7\u00e3o<\/strong>: Cascatinha, Itamarati e Quissam\u00e3 &#8211; esquema especial de Carnaval *<\/p>\n<p><strong>Varri\u00e7\u00e3o<\/strong>: Pra\u00e7a Clementina de Jesus, Centro da cidade e adjac\u00eancias, turma da manh\u00e3 (esquema especial de Carnaval) *<\/p>\n<p><strong>Varri\u00e7\u00e3o<\/strong>: Pra\u00e7a da Liberdade e adjac\u00eancias, turma da manh\u00e3 (esquema especial de Carnaval) *<\/p>\n<p><strong>Cascatinha<\/strong>: lavando os banheiros qu\u00edmicos &#8211; esquema especial de Carnaval *<\/p>\n<p><strong>Corr\u00eaas:<\/strong> lavando os banheiros qu\u00edmicos &#8211; esquema especial de Carnaval *<\/p>\n<p><strong>Nogueira: <\/strong>lavando os banheiros qu\u00edmicos &#8211; esquema especial de Carnaval *<\/p>\n<p><strong>Varri\u00e7\u00e3o<\/strong> (S\u00e3o Sebasti\u00e3o) &#8211; esquema especial de Carnaval *<\/p>\n<p><strong>Varri\u00e7\u00e3o<\/strong> (Pra\u00e7a Pasteur e adjac\u00eancias) &#8211; esquema especial de Carnaval *<\/p>\n<p><strong>Limpeza<\/strong> na Pra\u00e7a da Liberdade e adjac\u00eancias (das 12:00 at\u00e9 18:00) &#8211; esquema especial de Carnaval *<\/p>\n<p><strong>Varri\u00e7\u00e3o<\/strong>: Centro da cidade e Rua Teresa &#8211; esquema especial de Carnaval (turma da tarde) *<\/p>\n<p><strong>Varri\u00e7\u00e3o<\/strong>: Quadra do Alto da Serra, Centro, Centro Hist\u00f3rico, Rua Teresa e Pra\u00e7a da Liberdade) turma da noite (esquema especial de Carnaval) *<\/p>\n","protected":false},"excerpt":{"rendered":"<p>Diretoria de Limpeza Urbana Varri\u00e7\u00e3o (das 07:09&nbsp; at\u00e9 12:00)&nbsp;&nbsp; turma da manh\u00e3 (esquema especial de Carnaval): Centro, Centro Hist\u00f3rico, Pra\u00e7a da Liberdade, Rua Teresa, Alto da Serra, Pra\u00e7a Pasteur, S\u00e3o Sebasti\u00e3o, Quitandinha, Bar\u00e3o do Rio Branco, Retiro, Cascatinha, Itamarati e Quissam\u00e3 * Varri\u00e7\u00e3o: feira livre do Centro * (03) funcion\u00e1rios trabalhando na feira livre do&hellip;<\/p>\n","protected":false},"author":1,"featured_media":2688,"comment_status":"open","ping_status":"open","sticky":false,"template":"","format":"standard","meta":{"_themeisle_gutenberg_block_has_review":false,"footnotes":""},"categories":[1],"tags":[],"_links":{"self":[{"href":"https:\/\/comdep.com.br\/index.php?rest_route=\/wp\/v2\/posts\/2686"}],"collection":[{"href":"https:\/\/comdep.com.br\/index.php?rest_route=\/wp\/v2\/posts"}],"about":[{"href":"https:\/\/comdep.com.br\/index.php?rest_route=\/wp\/v2\/types\/post"}],"author":[{"embeddable":true,"href":"https:\/\/comdep.com.br\/index.php?rest_route=\/wp\/v2\/users\/1"}],"replies":[{"embeddable":true,"href":"https:\/\/comdep.com.br\/index.php?rest_route=%2Fwp%2Fv2%2Fcomments&post=2686"}],"version-history":[{"count":2,"href":"https:\/\/comdep.com.br\/index.php?rest_route=\/wp\/v2\/posts\/2686\/revisions"}],"predecessor-version":[{"id":2689,"href":"https:\/\/comdep.com.br\/index.php?rest_route=\/wp\/v2\/posts\/2686\/revisions\/2689"}],"wp:featuredmedia":[{"embeddable":true,"href":"https:\/\/comdep.com.br\/index.php?rest_route=\/wp\/v2\/media\/2688"}],"wp:attachment":[{"href":"https:\/\/comdep.com.br\/index.php?rest_route=%2Fwp%2Fv2%2Fmedia&parent=2686"}],"wp:term":[{"taxonomy":"category","embeddable":true,"href":"https:\/\/comdep.com.br\/index.php?rest_route=%2Fwp%2Fv2%2Fcategories&post=2686"},{"taxonomy":"post_tag","embeddable":true,"href":"https:\/\/comdep.com.br\/index.php?rest_route=%2Fwp%2Fv2%2Ftags&post=2686"}],"curies":[{"name":"wp","href":"https:\/\/api.w.org\/{rel}","templated":true}]}}