{"id":2705,"date":"2020-02-26T14:38:19","date_gmt":"2020-02-26T17:38:19","guid":{"rendered":"http:\/\/comdep.com.br\/?p=2705"},"modified":"2020-02-26T14:38:33","modified_gmt":"2020-02-26T17:38:33","slug":"comdep-trabalhando-hoje-26-02-2020-nos-seguintes-locais","status":"publish","type":"post","link":"https:\/\/comdep.com.br\/?p=2705","title":{"rendered":"COMDEP trabalhando hoje 26\/02\/2020 nos seguintes locais:"},"content":{"rendered":"<p><strong>Parques e Jardins<\/strong><\/p>\n<p><strong>Corte de grama:<\/strong> Mosela marechal Hermes *<\/p>\n<p><strong>Jardim<\/strong>: Mosela &nbsp;*<\/p>\n<p><strong>Caminh\u00e3o do jardim:<\/strong> Parque Cremerie &nbsp;*<\/p>\n<p><strong>Kombi<\/strong>: transporte de ferramentas *<\/p>\n<p><strong>Diretoria Operacional<\/strong><\/p>\n<p><strong>M\u00e1quinas e caminh\u00f5es:<\/strong> Sim\u00e9ria, S\u00e3o Sebasti\u00e3o, Bingen, Galdino Pimentel, Duque de Caxias, Vila S\u00e3o Jos\u00e9, Vila Ipanema, Alagoas, Bahia, Pernambuco *<\/p>\n<p><strong>Caminh\u00e3o D 08:<\/strong> Centro Hist\u00f3rico e turmas *<\/p>\n<p><strong>Caminh\u00e3o Poli Guindaste<\/strong>: Independ\u00eancia *<\/p>\n<p><strong>Capina e ro\u00e7ada:<\/strong> Cel Veiga, General Rondon, Bol\u00edvia, Nicar\u00e1gua, Niter\u00f3i, Sim\u00e3o Bolivar, Rep\u00fablica do Peru, infante d Henrique, Cond &#8216;Eu, Honduras, Lu\u00eds Winter, Venezuela *<\/p>\n<p><strong>Raspagem<\/strong> de terra na Rua Albino Siqueira *<\/p>\n<p><strong>Diretoria de Obras<\/strong><\/p>\n<p><strong>Capina, ro\u00e7ada e limpeza de canaletas:<\/strong> Rua Pedro Elmer (continua\u00e7\u00e3o) &nbsp;*<\/p>\n<p><strong>Capina e limpeza de canaletas<\/strong>: Rua S\u00e3o Pedro de Alc\u00e2ntara (continua\u00e7\u00e3o Conservas Centro) *<\/p>\n<p><strong>Obras<\/strong>: troca de coletoras no bairro Pedro do Rio e Araras *<\/p>\n<p><strong>Pintura<\/strong>:&nbsp; sede da cia Coronel Veiga e in\u00edcio de limpeza para posterior pintura em sala Pal\u00e1cio S\u00e9rgio Fadel *<\/p>\n<p><strong>Carpintaria<\/strong>: confec\u00e7\u00e3o de brinquedos no setor *<\/p>\n<p><strong>Serralheria<\/strong>: confec\u00e7\u00e3o de coletoras na cia e continua\u00e7\u00e3o de servi\u00e7os em espa\u00e7o esportivo no bairro Bela Vista *<\/p>\n<p><strong>El\u00e9trica<\/strong>: vistoria em chafarizes no Centro Hist\u00f3rico e bairros *<\/p>\n<p><strong>Capina, ro\u00e7ada e limpeza de canaletas<\/strong>: Rua Pedro Elmer (continua\u00e7\u00e3o) &nbsp;*<\/p>\n<p><strong>Capina e limpeza de canaletas<\/strong>: Rua S\u00e3o Pedro de Alc\u00e2ntara (continua\u00e7\u00e3o Conservas Centro) *<\/p>\n<p><strong>Obras<\/strong>: troca de coletoras no bairro Pedro do Rio e Araras *<\/p>\n<p><strong>Pintura<\/strong>:&nbsp; sede da cia Coronel Veiga e in\u00edcio de limpeza para posterior pintura em sala Pal\u00e1cio S\u00e9rgio Fadel *<\/p>\n<p><strong>Carpintaria<\/strong>: confec\u00e7\u00e3o de brinquedos no setor *<\/p>\n<p><strong>Serralheria<\/strong>: confec\u00e7\u00e3o de coletoras na cia e continua\u00e7\u00e3o de servi\u00e7os em espa\u00e7o esportivo no bairro Bela Vista *<\/p>\n<p><strong>El\u00e9trica<\/strong>: vistoria em chafarizes no Centro Hist\u00f3rico e bairros *<\/p>\n<p><strong>Distritos<\/strong><\/p>\n<p><strong>M\u00e1quina e Caminh\u00f5es<\/strong>: limpeza Uni\u00e3o Ind\u00fastria reta de Itaipava&nbsp; Limpeza Corr\u00eaas, Nogueiras, carnaval &nbsp;*<\/p>\n<p><strong>Varri\u00e7\u00e3o di\u00e1ria<\/strong>: Corr\u00eaas, Nogueiras, Araras, Itaipava, Madame Machado, Vila Rica, Pedro do Rio, Secret\u00e1rio *<\/p>\n<p><strong>Eventos<\/strong><\/p>\n<p><strong>Retirar<\/strong> barracas no Alto da Serra e Nogueira e S\u00e3o Sebasti\u00e3o *<\/p>\n<p><strong>Diretoria de Limpeza Urbana<\/strong><\/p>\n<p><strong>Varri\u00e7\u00e3o<\/strong>: esquema especial de carnaval Centro, Centro Hist\u00f3rico, pra\u00e7a da liberdade, Mosela, Bingen, Quitandinha, coronel Veiga, S\u00e3o Sebasti\u00e3o, pra\u00e7a Pasteur, Alto da Serra, Morin, Quissam\u00e3, Itamarati, Cascatinha, Retiro e Bar\u00e3o do Rio Branco *<\/p>\n<p><strong>Caminh\u00e3o (C55) Pipa lavagem (esquema especial de carnaval)<\/strong>: Centro, Centro Hist\u00f3rico, alto da Serra e Nogueira *<\/p>\n<p><strong>Caminh\u00e3o (C20) recolhimento de sacos de varri\u00e7\u00e3o (esquema especial de carnaval)<\/strong>: Centro, Centro Hist\u00f3rico, Quitandinha, Coronel Veiga, pra\u00e7a Pasteur, Alto da Serra, Itamarati, Cascatinha e Bingen *<\/p>\n","protected":false},"excerpt":{"rendered":"<p>Parques e Jardins Corte de grama: Mosela marechal Hermes * Jardim: Mosela &nbsp;* Caminh\u00e3o do jardim: Parque Cremerie &nbsp;* Kombi: transporte de ferramentas * Diretoria Operacional M\u00e1quinas e caminh\u00f5es: Sim\u00e9ria, S\u00e3o Sebasti\u00e3o, Bingen, Galdino Pimentel, Duque de Caxias, Vila S\u00e3o Jos\u00e9, Vila Ipanema, Alagoas, Bahia, Pernambuco * Caminh\u00e3o D 08: Centro Hist\u00f3rico e turmas *&hellip;<\/p>\n","protected":false},"author":1,"featured_media":2706,"comment_status":"open","ping_status":"open","sticky":false,"template":"","format":"standard","meta":{"_themeisle_gutenberg_block_has_review":false,"footnotes":""},"categories":[1],"tags":[],"_links":{"self":[{"href":"https:\/\/comdep.com.br\/index.php?rest_route=\/wp\/v2\/posts\/2705"}],"collection":[{"href":"https:\/\/comdep.com.br\/index.php?rest_route=\/wp\/v2\/posts"}],"about":[{"href":"https:\/\/comdep.com.br\/index.php?rest_route=\/wp\/v2\/types\/post"}],"author":[{"embeddable":true,"href":"https:\/\/comdep.com.br\/index.php?rest_route=\/wp\/v2\/users\/1"}],"replies":[{"embeddable":true,"href":"https:\/\/comdep.com.br\/index.php?rest_route=%2Fwp%2Fv2%2Fcomments&post=2705"}],"version-history":[{"count":2,"href":"https:\/\/comdep.com.br\/index.php?rest_route=\/wp\/v2\/posts\/2705\/revisions"}],"predecessor-version":[{"id":2708,"href":"https:\/\/comdep.com.br\/index.php?rest_route=\/wp\/v2\/posts\/2705\/revisions\/2708"}],"wp:featuredmedia":[{"embeddable":true,"href":"https:\/\/comdep.com.br\/index.php?rest_route=\/wp\/v2\/media\/2706"}],"wp:attachment":[{"href":"https:\/\/comdep.com.br\/index.php?rest_route=%2Fwp%2Fv2%2Fmedia&parent=2705"}],"wp:term":[{"taxonomy":"category","embeddable":true,"href":"https:\/\/comdep.com.br\/index.php?rest_route=%2Fwp%2Fv2%2Fcategories&post=2705"},{"taxonomy":"post_tag","embeddable":true,"href":"https:\/\/comdep.com.br\/index.php?rest_route=%2Fwp%2Fv2%2Ftags&post=2705"}],"curies":[{"name":"wp","href":"https:\/\/api.w.org\/{rel}","templated":true}]}}