{"id":2709,"date":"2020-02-27T10:51:04","date_gmt":"2020-02-27T13:51:04","guid":{"rendered":"http:\/\/comdep.com.br\/?p=2709"},"modified":"2020-02-27T10:53:24","modified_gmt":"2020-02-27T13:53:24","slug":"comdep-trabalhando-hoje-27-02-2020-nos-seguintes-locais","status":"publish","type":"post","link":"https:\/\/comdep.com.br\/?p=2709","title":{"rendered":"COMDEP trabalhando hoje 27\/02\/2020 nos seguintes locais:"},"content":{"rendered":"<p><strong>Distrito<\/strong><\/p>\n<p><strong>Ro\u00e7ada e capina:<\/strong> continua\u00e7\u00e3o Estrada do Ribeir\u00e3o &nbsp;*<\/p>\n<p><strong>M\u00e1quina e caminh\u00f5es:<\/strong> Vila Rica &nbsp;*<\/p>\n<p><strong>Varri\u00e7\u00e3o di\u00e1ria:<\/strong> Corr\u00eaas, Nogueiras, Araras, Itaipava, Vila Rica, Pedro do Rio *<\/p>\n<p><strong>Diretoria Operacional<\/strong><\/p>\n<p><strong>M\u00e1quinas e caminh\u00f5es:<\/strong> Sim\u00e9ria, Capit\u00e3o Paladino, Franklin Roosevelt, Tancredo Neves, Vila Ipanema, Pernambuco, Visconde do bom retiro, Rua Tereza, Irineu Correia, Dom Jo\u00e3o Braga, Alfredo Shilick *<\/p>\n<p><strong>Caminh\u00e3o Poli Guindaste:<\/strong> Independ\u00eancia *<\/p>\n<p><strong>Caminh\u00e3o D 08<\/strong>: Centro Hist\u00f3rico e turmas *<\/p>\n<p><strong>Capina e ro\u00e7ada:<\/strong> Cel. Veiga, Prefeito Ary Barbosa, Professor Monken, Henrique Cunha, Fl\u00e1vio Cavalcanti, Pedro Gall, Fragoso, General C\u00e2mara, Sim\u00e3o Bolivar, Boa Vista, Dr S\u00e1 Earp, Imperatriz, Sesquicenten\u00e1rio, Honduras, Lu\u00eds Winter, Uruguai, Infante d Henrique, Olga Castrioto *<\/p>\n<p><strong>Limpeza de rio<\/strong>: Rua Cardoso Fontes *<\/p>\n<p><strong>Varri\u00e7\u00e3o<\/strong>: General Rondon, Coronel Veiga, Pra\u00e7a Pasteur, Cardoso Fontes, Albino Siqueira, Santo Ant\u00f4nio, Alto da Serra e Morin *<\/p>\n<p><strong>Varri\u00e7\u00e3o<\/strong>: feira livre da Pra\u00e7a Pasteur *<\/p>\n<p><strong>Caminh\u00e3o (C20) recolhimento de sacos de varri\u00e7\u00e3o:<\/strong> Quitandinha, Coronel Veiga, Alto da Serra, Morim, Centro, Centro Hist\u00f3rico e Bingen *<\/p>\n<p><strong>Caminh\u00e3o (C55) Pipa lavagem:<\/strong> Centro, Centro Hist\u00f3rico, Pra\u00e7a Alcindo Sodr\u00e9 atr\u00e1s da banca de jornal ap\u00f3s verificando o chafariz da Pra\u00e7a da Liberdade *<\/p>\n<p><strong>Pipa (C55):<\/strong> lavando o chafariz da Pra\u00e7a de Nogueira *<\/p>\n<p><strong>Parques e Jardins<\/strong><\/p>\n<p><strong>Corte de grama<\/strong>: termina reta do Bingen, Mosela e Souza Franco e CEFET &nbsp;*<\/p>\n<p><strong>Jardim<\/strong>: Pra\u00e7a da Conflu\u00eancia &nbsp;*<\/p>\n<p><strong>Caminh\u00e3o do jardim:<\/strong> recolher lixo verde Cardoso Fontes, Albino Siqueira &nbsp;*<\/p>\n<p><strong>Kombi do jardim:<\/strong> transporte de ferramentas *<\/p>\n<p><strong>Diretoria de Obras<\/strong><\/p>\n<p><strong>Capina, ro\u00e7ada e limpeza de canaletas<\/strong>: Rua Pedro Elmer (continua\u00e7\u00e3o) e Rua Rodholfo Alberto Pires *<\/p>\n<p><strong>Capina e limpeza de ralos<\/strong>: Rua S\u00e3o Pedro de Alc\u00e2ntara (entorno da Catedral) Conservas Centro continua\u00e7\u00e3o *<\/p>\n<p><strong>Serralheria<\/strong>: instala\u00e7\u00e3o de port\u00f5es em espa\u00e7o esportivo no bairro Bela Vista (Buj\u00e3o) e Espa\u00e7o Esportivo no bairro Bela Vista em Araras *<\/p>\n<p><strong>El\u00e9trica<\/strong>: vistoria em chafarizes no Centro Hist\u00f3rico e bairros *<\/p>\n<p><strong>Obras<\/strong>: troca de coletoras no bairro Pedro do Rio e Araras *<\/p>\n<p><strong>Pintura<\/strong>: sede da cia Coronel Veiga e in\u00edcio de limpeza para posterior pintura em sala Pal\u00e1cio S\u00e9rgio Fadel *<\/p>\n<p><strong>Carpintaria<\/strong>: confec\u00e7\u00e3o de brinquedos no setor *<\/p>\n<p><strong>Confirmado<\/strong> para lavagem do chafariz Pra\u00e7a Nogueira (Vacol) secretaria de obras \u00e0s 08:00hs *<\/p>\n<p><strong>Eventos<\/strong><\/p>\n<p><strong>Retirar<\/strong> palco na Posse e retirar barraca na Vila Catarina e manuten\u00e7\u00e3o no material e qualquer solicita\u00e7\u00e3o da presid\u00eancia &nbsp;*<\/p>\n<p><strong>OBS: devido \u00e0s chuvas todos os servi\u00e7os foram transferidos para o Parque de Exposi\u00e7\u00e3o em Itaipava<\/strong><\/p>\n","protected":false},"excerpt":{"rendered":"<p>Distrito Ro\u00e7ada e capina: continua\u00e7\u00e3o Estrada do Ribeir\u00e3o &nbsp;* M\u00e1quina e caminh\u00f5es: Vila Rica &nbsp;* Varri\u00e7\u00e3o di\u00e1ria: Corr\u00eaas, Nogueiras, Araras, Itaipava, Vila Rica, Pedro do Rio * Diretoria Operacional M\u00e1quinas e caminh\u00f5es: Sim\u00e9ria, Capit\u00e3o Paladino, Franklin Roosevelt, Tancredo Neves, Vila Ipanema, Pernambuco, Visconde do bom retiro, Rua Tereza, Irineu Correia, Dom Jo\u00e3o Braga, Alfredo Shilick&hellip;<\/p>\n","protected":false},"author":1,"featured_media":2711,"comment_status":"open","ping_status":"open","sticky":false,"template":"","format":"standard","meta":{"_themeisle_gutenberg_block_has_review":false,"footnotes":""},"categories":[1],"tags":[],"_links":{"self":[{"href":"https:\/\/comdep.com.br\/index.php?rest_route=\/wp\/v2\/posts\/2709"}],"collection":[{"href":"https:\/\/comdep.com.br\/index.php?rest_route=\/wp\/v2\/posts"}],"about":[{"href":"https:\/\/comdep.com.br\/index.php?rest_route=\/wp\/v2\/types\/post"}],"author":[{"embeddable":true,"href":"https:\/\/comdep.com.br\/index.php?rest_route=\/wp\/v2\/users\/1"}],"replies":[{"embeddable":true,"href":"https:\/\/comdep.com.br\/index.php?rest_route=%2Fwp%2Fv2%2Fcomments&post=2709"}],"version-history":[{"count":2,"href":"https:\/\/comdep.com.br\/index.php?rest_route=\/wp\/v2\/posts\/2709\/revisions"}],"predecessor-version":[{"id":2712,"href":"https:\/\/comdep.com.br\/index.php?rest_route=\/wp\/v2\/posts\/2709\/revisions\/2712"}],"wp:featuredmedia":[{"embeddable":true,"href":"https:\/\/comdep.com.br\/index.php?rest_route=\/wp\/v2\/media\/2711"}],"wp:attachment":[{"href":"https:\/\/comdep.com.br\/index.php?rest_route=%2Fwp%2Fv2%2Fmedia&parent=2709"}],"wp:term":[{"taxonomy":"category","embeddable":true,"href":"https:\/\/comdep.com.br\/index.php?rest_route=%2Fwp%2Fv2%2Fcategories&post=2709"},{"taxonomy":"post_tag","embeddable":true,"href":"https:\/\/comdep.com.br\/index.php?rest_route=%2Fwp%2Fv2%2Ftags&post=2709"}],"curies":[{"name":"wp","href":"https:\/\/api.w.org\/{rel}","templated":true}]}}