{"id":2715,"date":"2020-02-28T10:26:04","date_gmt":"2020-02-28T13:26:04","guid":{"rendered":"http:\/\/comdep.com.br\/?p=2715"},"modified":"2020-02-28T10:30:52","modified_gmt":"2020-02-28T13:30:52","slug":"comdep-trabalhando-hoje-28-02-2020-nos-seguintes-locais","status":"publish","type":"post","link":"https:\/\/comdep.com.br\/?p=2715","title":{"rendered":"COMDEP trabalhando hoje 28\/02\/2020 nos seguintes locais:"},"content":{"rendered":"<p><strong>Distrito<\/strong><\/p>\n<p><strong>M\u00e1quina e caminh\u00f5es:<\/strong> continua\u00e7\u00e3o Castelo S\u00e3o Manoel, e of\u00edcio 58\/ 2020 do MPE em Madame Machado &nbsp;*<\/p>\n<p><strong>Varri\u00e7\u00e3o di\u00e1ria:<\/strong> Corr\u00eaas, Nogueiras, Araras, Itaipava, Madame Machado, Vila Rica, Pedro do Rio, Secret\u00e1rio *<\/p>\n<p><strong>Diretoria Operacional<\/strong><\/p>\n<p><strong>M\u00e1quinas e caminh\u00f5es:<\/strong> Sim\u00e9ria, Capit\u00e3o Paladino, Franklin Roosevelt, Tancredo Neves, Cust\u00f3dio Ferreira, Manoel Torres, It\u00e1lia, Vila S\u00e3o Jos\u00e9, Rua Tereza, Alagoas, Pernambuco *<\/p>\n<p><strong>Caminh\u00e3o Poli Guindaste:<\/strong> Independ\u00eancia *<\/p>\n<p><strong>Caminh\u00e3o D 08<\/strong>: Centro Hist\u00f3rico e turmas *<\/p>\n<p><strong>Capina e ro\u00e7ada<\/strong>: CelVeiga, Prefeito Ary Barbosa, Professor Monken, Henrique Cunha, Fl\u00e1vio Cavalcanti, Pedro Gall, Fragoso, Alice Herv\u00ea, General C\u00e2mara, Sim\u00e3o Bolivar, Boa Vista, Sousa Franco, Imperatriz, Sesquicenten\u00e1rio, Honduras, Lu\u00eds Winter, Uruguai, Infante D Henrique, Olga Castrioto *<\/p>\n<p><strong>Limpeza de rio:<\/strong> Rua Cardoso Fontes *<\/p>\n<p><strong>Varri\u00e7\u00e3o<\/strong>: Pra\u00e7a Pasteur, Castel\u00e2nea, pra\u00e7a Catulo, Cardoso Fontes, Euclides da Cunha, Albino Siqueira, Alto da Serra, Morin, Pedro Ivo e Casemiro de Abreu *<\/p>\n<p><strong>Varri\u00e7\u00e3o<\/strong>: feira livre da rua Francisco Manoel *<\/p>\n<p><strong>Caminh\u00e3o (C55) Pipa lavagem:<\/strong> Centro, Centro Hist\u00f3rico, pra\u00e7a Alcindo Sodr\u00e9 atr\u00e1s da banca de jornal ap\u00f3s verificando o chafariz do Bosque *<\/p>\n<p><strong>Caminh\u00e3o (C20) recolhimento de sacos de varri\u00e7\u00e3o:<\/strong> Quitandinha, Coronel Veiga, Alto da Serra, Morin, Centro, Centro Hist\u00f3rico e Bingen *<\/p>\n<p><strong>Parques e Jardins<\/strong><\/p>\n<p><strong>Corte de grama:<\/strong> termina reta do Bingen e Mosela e Souza Franco *<\/p>\n<p><strong>Jardim<\/strong>: pra\u00e7a da Conflu\u00eancia *<\/p>\n<p><strong>Caminh\u00e3o do jardim:<\/strong> recolher lixo verde Cristov\u00e3o Colombo e Centro Hist\u00f3rico &nbsp;*<\/p>\n<p><strong>Kombi do jardim:<\/strong> transporte de ferramentas *<\/p>\n<p><strong>Diretoria de Obras<\/strong><\/p>\n<p><strong>Obras:<\/strong> instala\u00e7\u00e3o de tela e placa proibitiva de descarte de entulho no bairro Madame Machado (MP) troca de coletora 2mts, Rua Bernardo Coutinho Araras &nbsp;*<\/p>\n<p><strong>Pintura<\/strong>: continua\u00e7\u00e3o sala Pal\u00e1cio S\u00e9rgio Fadel *<\/p>\n<p><strong>Carpintaria<\/strong>: confec\u00e7\u00e3o de brinquedos no setor e vistoria em lixeiras suspensa no Centro Hist\u00f3rico e bairros *<\/p>\n<p><strong>El\u00e9trica<\/strong>: vistoria em chafarizes no Centro Hist\u00f3rico e bairros *<\/p>\n<p><strong>Serralheria<\/strong>: instala\u00e7\u00e3o de port\u00f5es em espa\u00e7o esportivo em Araras *<\/p>\n<p><strong>Capina, ro\u00e7ada e limpeza de canaletas<\/strong>: Rua Pedro Elmer\/ Rua Rodholfo Alberto Pires (continua\u00e7\u00e3o) *<\/p>\n<p><strong>Capina e limpeza de ralos<\/strong>: rua S\u00e3o Pedro de Alc\u00e2ntara *<\/p>\n<p><strong>Continua\u00e7\u00e3o<\/strong> conservas Centro *<\/p>\n<p><strong>Eventos<\/strong><\/p>\n<p><strong>Montar<\/strong> 1 barraca na pra\u00e7a Alcindo Sodr\u00e9, manuten\u00e7\u00e3o no material e qualquer solicita\u00e7\u00e3o da presid\u00eancia *<\/p>\n","protected":false},"excerpt":{"rendered":"<p>Distrito M\u00e1quina e caminh\u00f5es: continua\u00e7\u00e3o Castelo S\u00e3o Manoel, e of\u00edcio 58\/ 2020 do MPE em Madame Machado &nbsp;* Varri\u00e7\u00e3o di\u00e1ria: Corr\u00eaas, Nogueiras, Araras, Itaipava, Madame Machado, Vila Rica, Pedro do Rio, Secret\u00e1rio * Diretoria Operacional M\u00e1quinas e caminh\u00f5es: Sim\u00e9ria, Capit\u00e3o Paladino, Franklin Roosevelt, Tancredo Neves, Cust\u00f3dio Ferreira, Manoel Torres, It\u00e1lia, Vila S\u00e3o Jos\u00e9, Rua Tereza,&hellip;<\/p>\n","protected":false},"author":1,"featured_media":2717,"comment_status":"open","ping_status":"open","sticky":false,"template":"","format":"standard","meta":{"_themeisle_gutenberg_block_has_review":false,"footnotes":""},"categories":[1],"tags":[],"_links":{"self":[{"href":"https:\/\/comdep.com.br\/index.php?rest_route=\/wp\/v2\/posts\/2715"}],"collection":[{"href":"https:\/\/comdep.com.br\/index.php?rest_route=\/wp\/v2\/posts"}],"about":[{"href":"https:\/\/comdep.com.br\/index.php?rest_route=\/wp\/v2\/types\/post"}],"author":[{"embeddable":true,"href":"https:\/\/comdep.com.br\/index.php?rest_route=\/wp\/v2\/users\/1"}],"replies":[{"embeddable":true,"href":"https:\/\/comdep.com.br\/index.php?rest_route=%2Fwp%2Fv2%2Fcomments&post=2715"}],"version-history":[{"count":2,"href":"https:\/\/comdep.com.br\/index.php?rest_route=\/wp\/v2\/posts\/2715\/revisions"}],"predecessor-version":[{"id":2718,"href":"https:\/\/comdep.com.br\/index.php?rest_route=\/wp\/v2\/posts\/2715\/revisions\/2718"}],"wp:featuredmedia":[{"embeddable":true,"href":"https:\/\/comdep.com.br\/index.php?rest_route=\/wp\/v2\/media\/2717"}],"wp:attachment":[{"href":"https:\/\/comdep.com.br\/index.php?rest_route=%2Fwp%2Fv2%2Fmedia&parent=2715"}],"wp:term":[{"taxonomy":"category","embeddable":true,"href":"https:\/\/comdep.com.br\/index.php?rest_route=%2Fwp%2Fv2%2Fcategories&post=2715"},{"taxonomy":"post_tag","embeddable":true,"href":"https:\/\/comdep.com.br\/index.php?rest_route=%2Fwp%2Fv2%2Ftags&post=2715"}],"curies":[{"name":"wp","href":"https:\/\/api.w.org\/{rel}","templated":true}]}}