{"id":2732,"date":"2020-03-02T10:13:26","date_gmt":"2020-03-02T13:13:26","guid":{"rendered":"http:\/\/comdep.com.br\/?p=2732"},"modified":"2020-03-03T16:53:25","modified_gmt":"2020-03-03T19:53:25","slug":"comdep-trabalhando-hoje-02-03-2020-nos-seguintes-locais","status":"publish","type":"post","link":"https:\/\/comdep.com.br\/?p=2732","title":{"rendered":"COMDEP trabalhando hoje 02\/03\/2020 nos seguintes locais:"},"content":{"rendered":"<p><strong>Diretoria de Obras<\/strong><\/p>\n<p><strong>Capina ro\u00e7ada e limpeza de canaletas:<\/strong> Rua Pedro Elmer (continua\u00e7\u00e3o) *<\/p>\n<p><strong>Capina e limpeza de ralos:<\/strong> Rua S\u00e3o Pedro de Alc\u00e2ntara (Catedral) *<\/p>\n<p><strong>Pintura<\/strong>: continua\u00e7\u00e3o de pintura em sala Pal\u00e1cio S\u00e9rgio Fadel e depend\u00eancias da cia *<\/p>\n<p><strong>Obras<\/strong>: reconstru\u00e7\u00e3o de base e recoloca\u00e7\u00e3o de coletora (2mts) Rua Domiciano Eg\u00eddio da Silva e constru\u00e7\u00e3o de base para coletoras em Pedro do Rio (Paiolinho) *<\/p>\n<p><strong>El\u00e9trica<\/strong>: vistoria em chafarizes no Centro Hist\u00f3rico e bairros *<\/p>\n<p><strong>Carpintaria<\/strong>: confec\u00e7\u00e3o de brinquedos no setor *<\/p>\n<p><strong>Serralheria<\/strong>: In\u00edcio coloca\u00e7\u00e3o de alambrado em espa\u00e7o esportivo no bairro Bela Vista *<\/p>\n<p><strong>Montagem<\/strong> de coletoras na cia *<\/p>\n<p><strong>Parques e jardins<\/strong><\/p>\n<p><strong>Turmas<\/strong> do setor parque e jardins foram deslocada para o parque de exposi\u00e7\u00e3o *<\/p>\n<p><strong>Diretoria de Limpeza P\u00fablica<\/strong><\/p>\n<p><strong>Caminh\u00e3o (C20) recolhimento de sacos da varri\u00e7\u00e3o:<\/strong> Quitandinha, coronel Veiga, Alto da Serra, Morin, Centro, centro hist\u00f3rico, Cascatinha e Bingen *<\/p>\n<p><strong>Caminh\u00e3o (C55) Pipa lavagem<\/strong>: Centro, centro hist\u00f3rico, pra\u00e7a Alcindo Sodr\u00e9 atr\u00e1s da banca de jornal, ap\u00f3s verificando o chafariz da pra\u00e7a de Cascatinha *<\/p>\n<p><strong>Varri\u00e7\u00e3o<\/strong>: Get\u00falio Vargas, General Rondon, Pontes do Fones, Olavo Bilac, Simeria, S\u00e3o Sebasti\u00e3o, Castel\u00e2nea, pra\u00e7a Pasteur, Cardoso fontes e Alto da Serra *<\/p>\n<p><strong>Eventos<\/strong><\/p>\n<p><strong>Manuten\u00e7\u00e3o<\/strong> no material e qualquer solicita\u00e7\u00e3o da presid\u00eancia *<\/p>\n<p>&nbsp;<\/p>\n<p><strong>Servi\u00e7os paralisados devido as chuvas<\/strong><\/p>\n","protected":false},"excerpt":{"rendered":"<p>Diretoria de Obras Capina ro\u00e7ada e limpeza de canaletas: Rua Pedro Elmer (continua\u00e7\u00e3o) * Capina e limpeza de ralos: Rua S\u00e3o Pedro de Alc\u00e2ntara (Catedral) * Pintura: continua\u00e7\u00e3o de pintura em sala Pal\u00e1cio S\u00e9rgio Fadel e depend\u00eancias da cia * Obras: reconstru\u00e7\u00e3o de base e recoloca\u00e7\u00e3o de coletora (2mts) Rua Domiciano Eg\u00eddio da Silva e&hellip;<\/p>\n","protected":false},"author":1,"featured_media":2750,"comment_status":"open","ping_status":"open","sticky":false,"template":"","format":"standard","meta":{"_themeisle_gutenberg_block_has_review":false,"footnotes":""},"categories":[1],"tags":[],"_links":{"self":[{"href":"https:\/\/comdep.com.br\/index.php?rest_route=\/wp\/v2\/posts\/2732"}],"collection":[{"href":"https:\/\/comdep.com.br\/index.php?rest_route=\/wp\/v2\/posts"}],"about":[{"href":"https:\/\/comdep.com.br\/index.php?rest_route=\/wp\/v2\/types\/post"}],"author":[{"embeddable":true,"href":"https:\/\/comdep.com.br\/index.php?rest_route=\/wp\/v2\/users\/1"}],"replies":[{"embeddable":true,"href":"https:\/\/comdep.com.br\/index.php?rest_route=%2Fwp%2Fv2%2Fcomments&post=2732"}],"version-history":[{"count":1,"href":"https:\/\/comdep.com.br\/index.php?rest_route=\/wp\/v2\/posts\/2732\/revisions"}],"predecessor-version":[{"id":2733,"href":"https:\/\/comdep.com.br\/index.php?rest_route=\/wp\/v2\/posts\/2732\/revisions\/2733"}],"wp:featuredmedia":[{"embeddable":true,"href":"https:\/\/comdep.com.br\/index.php?rest_route=\/wp\/v2\/media\/2750"}],"wp:attachment":[{"href":"https:\/\/comdep.com.br\/index.php?rest_route=%2Fwp%2Fv2%2Fmedia&parent=2732"}],"wp:term":[{"taxonomy":"category","embeddable":true,"href":"https:\/\/comdep.com.br\/index.php?rest_route=%2Fwp%2Fv2%2Fcategories&post=2732"},{"taxonomy":"post_tag","embeddable":true,"href":"https:\/\/comdep.com.br\/index.php?rest_route=%2Fwp%2Fv2%2Ftags&post=2732"}],"curies":[{"name":"wp","href":"https:\/\/api.w.org\/{rel}","templated":true}]}}