{"id":2762,"date":"2020-03-05T10:26:07","date_gmt":"2020-03-05T13:26:07","guid":{"rendered":"http:\/\/comdep.com.br\/?p=2762"},"modified":"2020-03-05T10:36:41","modified_gmt":"2020-03-05T13:36:41","slug":"comdep-trabalhando-hoje-05-03-2020-nos-seguintes-locais","status":"publish","type":"post","link":"https:\/\/comdep.com.br\/?p=2762","title":{"rendered":"COMDEP trabalhando hoje 05\/03\/2020 nos seguintes locais:"},"content":{"rendered":"<p><strong>Distrito<\/strong><\/p>\n<p><strong>Ro\u00e7ada e capina<\/strong>: Continua\u00e7\u00e3o Estrada das Arcas *<\/p>\n<p><strong>M\u00e1quina e caminh\u00f5es:<\/strong> Continua\u00e7\u00e3o Castelo S\u00e3o Manoel \u00a0*<\/p>\n<p><strong>Retirada<\/strong> de corte de \u00e1rvores no Semin\u00e1rio de Corr\u00eaas *<\/p>\n<p><strong>Varri\u00e7\u00e3o di\u00e1ria:<\/strong> Corr\u00eaas, Nogueira, Araras, Itaipava, Madame Machado, Vila Rica, Pedro do Rio e Secret\u00e1rio *<\/p>\n<p><strong>Diretoria Operacional<\/strong><\/p>\n<p><strong>M\u00e1quinas e caminh\u00f5es:<\/strong> Lu\u00eds Winter, Dias de Oliveira, Veludo, Ferrovi\u00e1rios, Serra Velha da Estrela, Goi\u00e1s, Minas Gerais, S\u00e3o Paulo, Uruguai, Campos, Get\u00falio Vargas, Chapa Quatro *<\/p>\n<p><strong>Caminh\u00e3o D 08:<\/strong> Mosela, Turmas *<\/p>\n<p><strong>Caminh\u00e3o Poli Guindaste<\/strong>: Independ\u00eancia, Joaquim Gomensoro *<\/p>\n<p><strong>Capina e ro\u00e7ada:<\/strong> Cel Veiga, Prefeito Ary Barbosa, Elisabete Burger Kling, Bartolomeu Sodr\u00e9, Osmar Holtz, Florido, Manoel Torres, Gon\u00e7alves Dias, Arnaldo de Azevedo, Bar\u00e3o do Rio Branco, Imperatriz, Oliveira Bulh\u00f5es, Duarte da Silveira, Uruguai, Vassouras, \u00c1lvaro Machado *<\/p>\n<p><strong>Limpeza de rio:<\/strong> Rua Cardoso Fontes *<\/p>\n<p><strong>Varri\u00e7\u00e3o<\/strong>: Capela, Manoel Torres, Duarte da Silveira, Bairro Castrioto, Dias de Oliveira, Bingen, Francisco Manoel e Bar\u00e3o do Rio Branco *<\/p>\n<p><strong>Caminh\u00e3o (C20) recolhimento de sacos da varri\u00e7\u00e3o:<\/strong> Quitandinha, Coronel Veiga, Alto da Serra, Morin, Centro, Centro Hist\u00f3rico e Bingen *<\/p>\n<p><strong>Caminh\u00e3o (C55) Pipa lavagem:<\/strong> Centro, Centro Hist\u00f3rico, pra\u00e7a Alcindo Sodr\u00e9 atr\u00e1s da banca de jornal ap\u00f3s verificando o chafariz da pra\u00e7a de Cascatinha *<\/p>\n<p><strong>Parques e Jardins<\/strong><\/p>\n<p><strong>Corte de grama<\/strong>: Ch\u00e1cara das Rosas e Albino Siqueira \u00a0*<\/p>\n<p><strong>Jardim<\/strong>: em frente \u00e0 delegacia no Retiro e pra\u00e7a da Conflu\u00eancia \u00a0*<\/p>\n<p><strong>Caminh\u00e3o do jardim:<\/strong> recolher lixo verde no Parque do Serrinha e Centro Hist\u00f3rico \u00a0*<\/p>\n<p><strong>Kombi do jardim<\/strong>: transporte de ferramentas *<\/p>\n<p><strong>Diretoria de Obras<\/strong><\/p>\n<p><strong>Obras<\/strong>: reloca\u00e7\u00e3o de coletora, Rua Nelson Marcelino n\u00ba 54, Sitio S\u00e3o Luiz, Retiro *<\/p>\n<p>Canteiros na Rua S\u00e3o Norberto, Valpara\u00edso (continua\u00e7\u00e3o) *<\/p>\n<p>Reparo no Duchas (Sr\u00aa Nina) *<\/p>\n<p><strong>Serralheria<\/strong>: estrutura de ponte para o Parque Cremerie (continua\u00e7\u00e3o) *<\/p>\n<p>Mata-cachorro para canteiros da Rua S\u00e3o Norberto *<\/p>\n<p><strong>Confec\u00e7\u00e3o<\/strong> de cestas de coletoras na cia *<\/p>\n<p><strong>Pintura<\/strong>: ponte em Araras *<\/p>\n<p><strong>Ponte<\/strong> no Madame Machado *<\/p>\n<p><strong>Baliza<\/strong> na quadra do Madame Machado *<\/p>\n<p><strong>Carpintaria<\/strong>: instala\u00e7\u00e3o de placas proibitivas nos seguintes lugares atendendo of\u00edcios: Itaipava, Araras e Madame Machado *<\/p>\n<p><strong>Reparo<\/strong> e confec\u00e7\u00e3o de bancos e pe\u00e7as para pra\u00e7as e parquinhos *<\/p>\n<p><strong>El\u00e9trica<\/strong>: manuten\u00e7\u00e3o em chafarizes de Centro e bairros *<\/p>\n<p><strong>Reparo<\/strong> no Duchas (Sr\u00aa Nina) *<\/p>\n<p><strong>Eventos<\/strong><\/p>\n<p><strong>Manuten\u00e7\u00e3o<\/strong> no material e qualquer solicita\u00e7\u00e3o da presid\u00eancia *<\/p>\n","protected":false},"excerpt":{"rendered":"<p>Distrito Ro\u00e7ada e capina: Continua\u00e7\u00e3o Estrada das Arcas * M\u00e1quina e caminh\u00f5es: Continua\u00e7\u00e3o Castelo S\u00e3o Manoel \u00a0* Retirada de corte de \u00e1rvores no Semin\u00e1rio de Corr\u00eaas * Varri\u00e7\u00e3o di\u00e1ria: Corr\u00eaas, Nogueira, Araras, Itaipava, Madame Machado, Vila Rica, Pedro do Rio e Secret\u00e1rio * Diretoria Operacional M\u00e1quinas e caminh\u00f5es: Lu\u00eds Winter, Dias de Oliveira, Veludo, Ferrovi\u00e1rios,&hellip;<\/p>\n","protected":false},"author":1,"featured_media":2764,"comment_status":"open","ping_status":"open","sticky":false,"template":"","format":"standard","meta":{"_themeisle_gutenberg_block_has_review":false,"footnotes":""},"categories":[1],"tags":[],"_links":{"self":[{"href":"https:\/\/comdep.com.br\/index.php?rest_route=\/wp\/v2\/posts\/2762"}],"collection":[{"href":"https:\/\/comdep.com.br\/index.php?rest_route=\/wp\/v2\/posts"}],"about":[{"href":"https:\/\/comdep.com.br\/index.php?rest_route=\/wp\/v2\/types\/post"}],"author":[{"embeddable":true,"href":"https:\/\/comdep.com.br\/index.php?rest_route=\/wp\/v2\/users\/1"}],"replies":[{"embeddable":true,"href":"https:\/\/comdep.com.br\/index.php?rest_route=%2Fwp%2Fv2%2Fcomments&post=2762"}],"version-history":[{"count":1,"href":"https:\/\/comdep.com.br\/index.php?rest_route=\/wp\/v2\/posts\/2762\/revisions"}],"predecessor-version":[{"id":2763,"href":"https:\/\/comdep.com.br\/index.php?rest_route=\/wp\/v2\/posts\/2762\/revisions\/2763"}],"wp:featuredmedia":[{"embeddable":true,"href":"https:\/\/comdep.com.br\/index.php?rest_route=\/wp\/v2\/media\/2764"}],"wp:attachment":[{"href":"https:\/\/comdep.com.br\/index.php?rest_route=%2Fwp%2Fv2%2Fmedia&parent=2762"}],"wp:term":[{"taxonomy":"category","embeddable":true,"href":"https:\/\/comdep.com.br\/index.php?rest_route=%2Fwp%2Fv2%2Fcategories&post=2762"},{"taxonomy":"post_tag","embeddable":true,"href":"https:\/\/comdep.com.br\/index.php?rest_route=%2Fwp%2Fv2%2Ftags&post=2762"}],"curies":[{"name":"wp","href":"https:\/\/api.w.org\/{rel}","templated":true}]}}