{"id":2782,"date":"2020-03-07T14:01:13","date_gmt":"2020-03-07T17:01:13","guid":{"rendered":"http:\/\/comdep.com.br\/?p=2782"},"modified":"2020-03-07T14:01:31","modified_gmt":"2020-03-07T17:01:31","slug":"comdep-trabalhando-hoje-07-03-2020-nos-seguintes-locais","status":"publish","type":"post","link":"https:\/\/comdep.com.br\/?p=2782","title":{"rendered":"COMDEP trabalhando hoje 07\/03\/2020 nos seguintes locais:"},"content":{"rendered":"<p><strong>Diretoria de Limpeza Urbana<\/strong><\/p>\n<p><strong>Varri\u00e7\u00e3o:<\/strong> Valpara\u00edso, Carlos Gomes, Henrique Raffa, Bingen, Campo do Serrano, Batista da costa, Mosela e Pedras brancas *<\/p>\n<p><strong>Varri\u00e7\u00e3o<\/strong>: feira livre do Centro *<\/p>\n<p><strong>(03) funcion\u00e1rios<\/strong> trabalhando na feira livre do Centro, na retirada de res\u00edduos debaixo das bancas *<\/p>\n<p><strong>Caminh\u00e3o (C20) recolhimento de sacos da varri\u00e7\u00e3o:<\/strong> Quitandinha, coronel Veiga, Alto da Serra, Centro, Centro Hist\u00f3rico e Bingen *<\/p>\n<p><strong>Caminh\u00e3o (C55) Pipa lavagem:<\/strong> Centro, Centro Hist\u00f3rico *<\/p>\n<p><strong>Diretoria de Parques e Jardins<\/strong><\/p>\n<p><strong>Corte de grama:<\/strong> Airton Senna e Centro de sa\u00fade &nbsp;*<\/p>\n<p><strong>Caminh\u00e3o do jardim:<\/strong> transporte de ferramentas recolher lixo verde na Ayrton Senna e Centro de sa\u00fade *<\/p>\n<p><strong>Distritos<\/strong><\/p>\n<p><strong>Ro\u00e7ada e capina:<\/strong> continua\u00e7\u00e3o Rua Eug\u00eanio Zanata Vila Leopoldina Pedro do Rio &nbsp;*<\/p>\n<p><strong>M\u00e1quina e caminh\u00f5es:<\/strong> Rua Domingos Jos\u00e9 Martins, Coletora Rua Visconde de Taunay Apoio a evento na Pra\u00e7a de Nogueiras of\u00edcios 67050, 67119, 67974 &nbsp;*<\/p>\n<p><strong>Varri\u00e7\u00e3o di\u00e1ria:<\/strong> Correrias, Nogueiras, Araras, Itaipava, Madame Machado, Vila Rica, Pedro do Rio *<\/p>\n<p><strong>Eventos<\/strong><\/p>\n<p><strong>Montar<\/strong> 6 barracas na pra\u00e7a Alcindo Sodr\u00e9 *<\/p>\n<p><strong>Diretoria Operacional<\/strong><\/p>\n<p><strong>M\u00e1quina e caminh\u00e3o:<\/strong> Vila Felipe, Ch\u00e1cara Flora, Sargento Boening *<\/p>\n<p><strong>Caminh\u00e3o D 08:<\/strong> Centro Hist\u00f3rico e turmas *<\/p>\n<p><strong>Caminh\u00e3o Poli Guindaste:<\/strong> Independ\u00eancia *<\/p>\n<p><strong>Capina<\/strong>: Luiz Imbroise, Bar\u00e3o de \u00e1guas Claras, Ant\u00f4nio Machado, Figueira de Mello *<\/p>\n<p><strong>Diretoria de Obras<\/strong><\/p>\n<p><strong>Obras<\/strong>: Reconstru\u00e7\u00e3o de 2 bases de 2 metros de coletoras na Rua Marcolino Sim\u00f5es Ferreira, ponto final do bairro Bela Vista *<\/p>\n<p><strong>Serralheria<\/strong>: Confec\u00e7\u00e3o de cestas de coletoras na cia *<\/p>\n","protected":false},"excerpt":{"rendered":"<p>Diretoria de Limpeza Urbana Varri\u00e7\u00e3o: Valpara\u00edso, Carlos Gomes, Henrique Raffa, Bingen, Campo do Serrano, Batista da costa, Mosela e Pedras brancas * Varri\u00e7\u00e3o: feira livre do Centro * (03) funcion\u00e1rios trabalhando na feira livre do Centro, na retirada de res\u00edduos debaixo das bancas * Caminh\u00e3o (C20) recolhimento de sacos da varri\u00e7\u00e3o: Quitandinha, coronel Veiga, Alto&hellip;<\/p>\n","protected":false},"author":1,"featured_media":2783,"comment_status":"open","ping_status":"open","sticky":false,"template":"","format":"standard","meta":{"_themeisle_gutenberg_block_has_review":false,"footnotes":""},"categories":[1],"tags":[],"_links":{"self":[{"href":"https:\/\/comdep.com.br\/index.php?rest_route=\/wp\/v2\/posts\/2782"}],"collection":[{"href":"https:\/\/comdep.com.br\/index.php?rest_route=\/wp\/v2\/posts"}],"about":[{"href":"https:\/\/comdep.com.br\/index.php?rest_route=\/wp\/v2\/types\/post"}],"author":[{"embeddable":true,"href":"https:\/\/comdep.com.br\/index.php?rest_route=\/wp\/v2\/users\/1"}],"replies":[{"embeddable":true,"href":"https:\/\/comdep.com.br\/index.php?rest_route=%2Fwp%2Fv2%2Fcomments&post=2782"}],"version-history":[{"count":2,"href":"https:\/\/comdep.com.br\/index.php?rest_route=\/wp\/v2\/posts\/2782\/revisions"}],"predecessor-version":[{"id":2785,"href":"https:\/\/comdep.com.br\/index.php?rest_route=\/wp\/v2\/posts\/2782\/revisions\/2785"}],"wp:featuredmedia":[{"embeddable":true,"href":"https:\/\/comdep.com.br\/index.php?rest_route=\/wp\/v2\/media\/2783"}],"wp:attachment":[{"href":"https:\/\/comdep.com.br\/index.php?rest_route=%2Fwp%2Fv2%2Fmedia&parent=2782"}],"wp:term":[{"taxonomy":"category","embeddable":true,"href":"https:\/\/comdep.com.br\/index.php?rest_route=%2Fwp%2Fv2%2Fcategories&post=2782"},{"taxonomy":"post_tag","embeddable":true,"href":"https:\/\/comdep.com.br\/index.php?rest_route=%2Fwp%2Fv2%2Ftags&post=2782"}],"curies":[{"name":"wp","href":"https:\/\/api.w.org\/{rel}","templated":true}]}}