{"id":2798,"date":"2020-03-10T10:17:18","date_gmt":"2020-03-10T13:17:18","guid":{"rendered":"http:\/\/comdep.com.br\/?p=2798"},"modified":"2020-03-10T10:19:48","modified_gmt":"2020-03-10T13:19:48","slug":"comdep-trabalhando-hoje-10-03-2020-nos-seguintes-locais","status":"publish","type":"post","link":"https:\/\/comdep.com.br\/?p=2798","title":{"rendered":"COMDEP trabalhando hoje 10\/03\/2020 nos seguintes locais:"},"content":{"rendered":"<p><strong>Diretoria de Obras<\/strong><\/p>\n<p><strong>Serralheria:<\/strong> Chumbar tubo para instala\u00e7\u00e3o de tela, no entorno de uma b\u00e1ia na Comunidade do F\u00e9lix a fim de evitar que c\u00e1ia lixo no riacho *<\/p>\n<p><strong>Chumbar\u00a0<\/strong> pontalete na quadra do bairro Bela Vista, Rua Marcolino Sim\u00f5es Ferreira (continua\u00e7\u00e3o) *<\/p>\n<p><strong>Obras<\/strong>: Troca de uma cesta de 3 metros na, est Arnaldo Dyckerhoff, na entrada da Igreja Projeto Samear, Jurity (Posse) *<\/p>\n<p><strong>Troca<\/strong> de uma cesta de 2 metros na, Est Arnaldo Dyckerhoff, pr\u00f3ximo \u00e0 balan\u00e7a, na Jurity (Posse) *<\/p>\n<p><strong>Canteiros<\/strong> na rua S\u00e3o Norberto (continua\u00e7\u00e3o) *<\/p>\n<p><strong>Pintura<\/strong>: pintura de pontes em Araras (continua\u00e7\u00e3o) \u00a0*<\/p>\n<p><strong>Carpintaria<\/strong>: Reparo e confec\u00e7\u00e3o de pe\u00e7as de pra\u00e7as e parquinhos na cia *<\/p>\n<p><strong>El\u00e9trica<\/strong>: Instala\u00e7\u00e3o el\u00e9trica para atender serralheria (quadra do bairro Bela Vista) *<\/p>\n<p><strong>Manuten\u00e7\u00e3o<\/strong> de chafarizes no Centro Hist\u00f3rico e bairros \u00a0*<\/p>\n<p><strong>Capina e ro\u00e7ada:<\/strong> Antonio Fernandes da Costa, Pouso Alegre (continua\u00e7\u00e3o) *<\/p>\n<p><strong>Capina e limpeza de ralos:<\/strong> Rua S\u00e3o Pedro e entorno, Conserva Centro (continua\u00e7\u00e3o) *<\/p>\n<p><strong>Obras, em tempo:<\/strong> Retirar tela na rua a, Loteamento Samambaia, para que possa ser feita a retirada de entulho com a m\u00e1quina *<\/p>\n<p><strong>Instala\u00e7\u00e3o<\/strong> de 2 cestas na rua Marcolino Sim\u00f5es Ferreira (Bela Vista) *<\/p>\n<p><strong>Instala\u00e7\u00e3o<\/strong> de tela, coletora na rua Greg\u00f3rio Cruzick (logo ap\u00f3s a Servid\u00e3o Irene Cestari) *<\/p>\n<p><strong>Diretoria de Parques e Jardins<\/strong><\/p>\n<p><strong>Corte de grama:<\/strong> General Rondon, Pra\u00e7a da Princesa \u00a0*<\/p>\n<p><strong>Jardim<\/strong>: P\u00f3rtico do Bingen, pra\u00e7a em frente a Comdep Quitandinha \u00a0*<\/p>\n<p><strong>Caminh\u00e3o do jardim:<\/strong> recolher lixo verde Centro Hist\u00f3rico da Ayrton Senna \u00a0*<\/p>\n<p><strong>Kombi do jardim:<\/strong> transporte de ferramentas *<\/p>\n<p><strong>Eventos<\/strong><\/p>\n<p><strong>Manuten\u00e7\u00e3o<\/strong> no material e qualquer solicita\u00e7\u00e3o da presid\u00eancia *<\/p>\n<p><strong>Diretoria Operacional<\/strong><\/p>\n<p><strong>M\u00e1quinas e caminh\u00f5es:<\/strong> S\u00e3o Sebasti\u00e3o, Sim\u00e9ria, Travessa Augusto fragoso, Rua Tereza, Sousa Franco, Floriano Peixoto, Alberto Torres, Bar\u00e3o do Rio Branco, Liceu Carlos Chagas, Lu\u00eds de Cam\u00f5es, Em\u00edlio Zaluar, Taquara, Bairro Mau\u00e1, independ\u00eancia, S\u00e3o Norberto, Parque Cremerie *<\/p>\n<p><strong>Caminh\u00e3o D 08:<\/strong> Centro Hist\u00f3rico e turmas *<\/p>\n<p><strong>Caminh\u00e3o Poli Guindaste:<\/strong> Independ\u00eancia *<\/p>\n<p><strong>Bob Cat:<\/strong> Rua \u00c2ngelo Jo\u00e3o Brand *<\/p>\n<p><strong>Capina e ro\u00e7ada:<\/strong> Washington Lu\u00eds, Prefeito Ary Barbosa, Olavo Bilac, C\u00e2ndido Christ, Afr\u00e2nio Peixoto, Florido, Paulo Herv\u00ea, Nossa Senhora da Concei\u00e7\u00e3o, Bartolomeu de Gusm\u00e3o, Alfredo Pach\u00e1, Imperatriz, Ant\u00f4nio da Silva ligeiro, Estrada do Independ\u00eancia, Jo\u00e3o Xavier, Sebasti\u00e3o Pinho da Silva, Vassouras, Vital Brasil *<\/p>\n<p><strong>Limpeza de rio<\/strong>: Rua do Imperador *<\/p>\n<p><strong>Diretoria de Limpeza Urbana<\/strong><\/p>\n<p><strong>Varri\u00e7\u00e3o:<\/strong> Carangola, Vale do Carangola, Retiro, Quarteir\u00e3o Brasileiro, Bar\u00e3o do Rio Branco, Duchas, Mosela, Bingen e Capela *<\/p>\n<p><strong>Varri\u00e7\u00e3o<\/strong>: feira livre do Centro *<\/p>\n<p><strong>(03) funcion\u00e1rios<\/strong> trabalhando na feira livre do Centro, na retirada de res\u00edduos debaixo das bancas *<\/p>\n<p><strong>Caminh\u00e3o (C20) recolhimento de sacos da varri\u00e7\u00e3o:<\/strong> Quitandinha, Coronel Veiga, Alto da Serra, Morin, Centro, Centro Hist\u00f3rico e Bingen *<\/p>\n<p><strong>Caminh\u00e3o (C55) Pipa lavagem:<\/strong> Centro, Centro Hist\u00f3rico, pra\u00e7a Alcindo Sodr\u00e9 atr\u00e1s da banca de jornal ap\u00f3s verificando o chafariz da pra\u00e7a da Liberdade *<\/p>\n<p><strong>Caminh\u00e3o (I02) Pipa:<\/strong> Lavando a pra\u00e7a Princesa Isabel e tamb\u00e9m os bala\u00fastres \u00a0*<\/p>\n<p><strong>Distritos<\/strong><\/p>\n<p><strong>Ro\u00e7ada e capina:<\/strong> continua\u00e7\u00e3o Estrada Projeto \u00c1gua An\u00e1polis Secret\u00e1rio \u00a0*<\/p>\n<p><strong>M\u00e1quina e caminh\u00f5es:<\/strong> continua\u00e7\u00e3o Estrada Mineira e Bairro da Gloria \u00a0*<\/p>\n<p><strong>Varri\u00e7\u00e3o di\u00e1ria:<\/strong> Corr\u00eaas, Nogueiras, Araras, Itaipava, Madame Machado, Vila Rica, Pedro do Rio, Secret\u00e1rio *<\/p>\n","protected":false},"excerpt":{"rendered":"<p>Diretoria de Obras Serralheria: Chumbar tubo para instala\u00e7\u00e3o de tela, no entorno de uma b\u00e1ia na Comunidade do F\u00e9lix a fim de evitar que c\u00e1ia lixo no riacho * Chumbar\u00a0 pontalete na quadra do bairro Bela Vista, Rua Marcolino Sim\u00f5es Ferreira (continua\u00e7\u00e3o) * Obras: Troca de uma cesta de 3 metros na, est Arnaldo Dyckerhoff,&hellip;<\/p>\n","protected":false},"author":1,"featured_media":2800,"comment_status":"open","ping_status":"open","sticky":false,"template":"","format":"standard","meta":{"_themeisle_gutenberg_block_has_review":false,"footnotes":""},"categories":[1],"tags":[],"_links":{"self":[{"href":"https:\/\/comdep.com.br\/index.php?rest_route=\/wp\/v2\/posts\/2798"}],"collection":[{"href":"https:\/\/comdep.com.br\/index.php?rest_route=\/wp\/v2\/posts"}],"about":[{"href":"https:\/\/comdep.com.br\/index.php?rest_route=\/wp\/v2\/types\/post"}],"author":[{"embeddable":true,"href":"https:\/\/comdep.com.br\/index.php?rest_route=\/wp\/v2\/users\/1"}],"replies":[{"embeddable":true,"href":"https:\/\/comdep.com.br\/index.php?rest_route=%2Fwp%2Fv2%2Fcomments&post=2798"}],"version-history":[{"count":1,"href":"https:\/\/comdep.com.br\/index.php?rest_route=\/wp\/v2\/posts\/2798\/revisions"}],"predecessor-version":[{"id":2799,"href":"https:\/\/comdep.com.br\/index.php?rest_route=\/wp\/v2\/posts\/2798\/revisions\/2799"}],"wp:featuredmedia":[{"embeddable":true,"href":"https:\/\/comdep.com.br\/index.php?rest_route=\/wp\/v2\/media\/2800"}],"wp:attachment":[{"href":"https:\/\/comdep.com.br\/index.php?rest_route=%2Fwp%2Fv2%2Fmedia&parent=2798"}],"wp:term":[{"taxonomy":"category","embeddable":true,"href":"https:\/\/comdep.com.br\/index.php?rest_route=%2Fwp%2Fv2%2Fcategories&post=2798"},{"taxonomy":"post_tag","embeddable":true,"href":"https:\/\/comdep.com.br\/index.php?rest_route=%2Fwp%2Fv2%2Ftags&post=2798"}],"curies":[{"name":"wp","href":"https:\/\/api.w.org\/{rel}","templated":true}]}}