{"id":2816,"date":"2020-03-12T12:36:18","date_gmt":"2020-03-12T15:36:18","guid":{"rendered":"http:\/\/comdep.com.br\/?p=2816"},"modified":"2020-03-12T12:42:08","modified_gmt":"2020-03-12T15:42:08","slug":"comdep-trabalhando-hoje-12-03-2020-nos-seguintes-locais","status":"publish","type":"post","link":"https:\/\/comdep.com.br\/?p=2816","title":{"rendered":"COMDEP trabalhando hoje 12\/03\/2020 nos seguintes locais:"},"content":{"rendered":"<p><strong>Distrito<\/strong><\/p>\n<p><strong>Ro\u00e7ada e capina:<\/strong> Parque de Exposi\u00e7\u00e3o &nbsp;*<\/p>\n<p><strong>M\u00e1quina e caminh\u00f5es<\/strong>: Araras &nbsp;*<\/p>\n<p><strong>Varri\u00e7\u00e3o di\u00e1ria:<\/strong> Corr\u00eaas, Nogueiras, Araras, Itaipava, Madame Machado, Vila Rica Pedro do Rio, Secret\u00e1rio *<\/p>\n<p><strong>Diretoria Operacional<\/strong><\/p>\n<p><strong>M\u00e1quinas e caminh\u00f5es<\/strong>: Neylor, Boa Vista, Quarteir\u00e3o Brasileiro, Independ\u00eancia *<\/p>\n<p><strong>Caminh\u00e3o Poli Guindaste:<\/strong> Independ\u00eancia *<\/p>\n<p><strong>Caminh\u00e3o D 08:<\/strong> Centro Hist\u00f3rico e turmas *<\/p>\n<p><strong>Capina e Ro\u00e7ada:<\/strong> Rua do Imperador, Prefeito Ary Barbosa, Crist\u00f3v\u00e3o Colombo, Sebasti\u00e3o de Carvalho, Frederico Pinheiro, Estrada do Carangola, Paulo Herv\u00ea, Visconde de Uruguai, Sargento Boening, Quarteir\u00e3o Brasileiro, Imperatriz, Campo do Cruzeiro no Taquara, Estrada do Independ\u00eancia, Moinho Preto, Vale dos esquilos, \u00c2ngelo Jo\u00e3o Brand, Bartolomeu de Gusm\u00e3o *<\/p>\n<p><strong>Limpeza de rio<\/strong>: Rua do Imperador *<\/p>\n<p><strong>Caminh\u00e3o (C55) Pipa lavagem:<\/strong> Centro, centro hist\u00f3rico, pra\u00e7a Alcindo Sodr\u00e9 atr\u00e1s da banca de jornal ap\u00f3s verificando o chafariz da pra\u00e7a do bosque *<\/p>\n<p><strong>Caminh\u00e3o (i02) Pipa<\/strong> lavagem: Pra\u00e7a D Pedro *<\/p>\n<p><strong>Caminh\u00e3o (C20)<\/strong> em manuten\u00e7\u00e3o na garagem *<\/p>\n<p><strong>Varri\u00e7\u00e3o<\/strong>: Get\u00falio Vargas, Amazonas, General Rondon, Olavo Bilac, Simeria, S\u00e3o Sebasti\u00e3o, Castel\u00e2nea, pra\u00e7a Catulo e Cardoso Fontes *<\/p>\n<p><strong>Varri\u00e7\u00e3o:<\/strong> feira livre da pra\u00e7a Pasteur *<\/p>\n<p><strong>Caminh\u00e3o (C20) recolhimento de sacos da varri\u00e7\u00e3o:<\/strong> Quitandinha, coronel Veiga, Alto da Serra, Morin, Centro, Centro Hist\u00f3rico e Bingen *<\/p>\n<p><strong>Parques e Jardins<\/strong><\/p>\n<p><strong>Corte de grama:<\/strong> pra\u00e7a Oswaldo Cruz, Sete de Abril, rua Ipiranga, Pra\u00e7a da Liberdade pra\u00e7a do Expedicion\u00e1rio &nbsp;*<\/p>\n<p><strong>Jardim<\/strong>: Rel\u00f3gio das Flores, Pra\u00e7a da Liberdade e condom\u00ednio no Vicenzo Rivetti &nbsp;*<\/p>\n<p><strong>Caminh\u00e3o do jardim:<\/strong> recolher lixo verde P\u00f3rtico do Bingen e entrada do Capela &nbsp;*<\/p>\n<p><strong>Kombi do jardim:<\/strong> transporte de ferramentas e plantas para Centro Hist\u00f3rico *<\/p>\n<p><strong>Diretoria de Obras<\/strong><\/p>\n<p><strong>Obras:<\/strong> acompanhar o setor de saneamento junto do Vacol na regional de Itaipava *<\/p>\n<p><strong>Acompanhar<\/strong> o setor operacional na retirada de coletora e instala\u00e7\u00e3o de tela na rua C\u00e2ndido Borsato, Alto Boa Vista *<\/p>\n<p><strong>Confec\u00e7\u00e3o<\/strong> de canteiros na Rua S\u00e3o Norberto, Valparaiso (continua\u00e7\u00e3o) *<\/p>\n<p><strong>Serralheria<\/strong>: confec\u00e7\u00e3o de cestas de coletoras na cia *<\/p>\n<p><strong>Instala\u00e7\u00e3o<\/strong> de alambrados na quadra da Rua Marcolino Sim\u00f5es Ferreira, Bela Vista *<\/p>\n<p><strong>Instala\u00e7\u00e3o<\/strong> de tela e placa proibitiva de descarte de entulho no bairro Quarteir\u00e3o Brasileiro *<\/p>\n<p><strong>Pintura<\/strong>: pintura de ponte na Washington Luiz, depois da UPA Centro (continua\u00e7\u00e3o) *<\/p>\n<p><strong>Pontes<\/strong> da Rua Marciano Magalh\u00e3es, Morin (continua\u00e7\u00e3o) *<\/p>\n<p><strong>Carpintaria<\/strong>: reparo e confec\u00e7\u00e3o de bancos e pe\u00e7as de pra\u00e7as e parquinhos *<\/p>\n<p><strong>Recolher<\/strong> material na Comdep,(Coronel Veiga), irrecuper\u00e1vel e levar para reciclagem *<\/p>\n<p><strong>El\u00e9trica<\/strong>: manuten\u00e7\u00e3o de chafarizes do Centro Hist\u00f3rico e bairros *<\/p>\n<p><strong>Capina e ro\u00e7ada:<\/strong> Rua Augusto Schowandt e Pouso Alegre, Cascatinha (continua\u00e7\u00e3o) *<\/p>\n<p><strong>Capina e limpeza de ralos:<\/strong> Rua Epit\u00e1cio Pessoa e Pra\u00e7a Princesa Isabel *<\/p>\n<p><strong>Eventos<\/strong><\/p>\n<p><strong>Montar<\/strong> 10 barracas no Amazonas (igreja cat\u00f3lica) *<\/p>\n<p><strong>Montar<\/strong> 6 barracas rua Jos\u00e9 Joaquim Rodrigues n. 427 Pedro do Rio, 2 barracas no Campo do Carrapat\u00e3o, 1 palco 3&#215;3 e 6 barris de lixo *<\/p>\n","protected":false},"excerpt":{"rendered":"<p>Distrito Ro\u00e7ada e capina: Parque de Exposi\u00e7\u00e3o &nbsp;* M\u00e1quina e caminh\u00f5es: Araras &nbsp;* Varri\u00e7\u00e3o di\u00e1ria: Corr\u00eaas, Nogueiras, Araras, Itaipava, Madame Machado, Vila Rica Pedro do Rio, Secret\u00e1rio * Diretoria Operacional M\u00e1quinas e caminh\u00f5es: Neylor, Boa Vista, Quarteir\u00e3o Brasileiro, Independ\u00eancia * Caminh\u00e3o Poli Guindaste: Independ\u00eancia * Caminh\u00e3o D 08: Centro Hist\u00f3rico e turmas * Capina e&hellip;<\/p>\n","protected":false},"author":1,"featured_media":2818,"comment_status":"open","ping_status":"open","sticky":false,"template":"","format":"standard","meta":{"_themeisle_gutenberg_block_has_review":false,"footnotes":""},"categories":[1],"tags":[],"_links":{"self":[{"href":"https:\/\/comdep.com.br\/index.php?rest_route=\/wp\/v2\/posts\/2816"}],"collection":[{"href":"https:\/\/comdep.com.br\/index.php?rest_route=\/wp\/v2\/posts"}],"about":[{"href":"https:\/\/comdep.com.br\/index.php?rest_route=\/wp\/v2\/types\/post"}],"author":[{"embeddable":true,"href":"https:\/\/comdep.com.br\/index.php?rest_route=\/wp\/v2\/users\/1"}],"replies":[{"embeddable":true,"href":"https:\/\/comdep.com.br\/index.php?rest_route=%2Fwp%2Fv2%2Fcomments&post=2816"}],"version-history":[{"count":2,"href":"https:\/\/comdep.com.br\/index.php?rest_route=\/wp\/v2\/posts\/2816\/revisions"}],"predecessor-version":[{"id":2819,"href":"https:\/\/comdep.com.br\/index.php?rest_route=\/wp\/v2\/posts\/2816\/revisions\/2819"}],"wp:featuredmedia":[{"embeddable":true,"href":"https:\/\/comdep.com.br\/index.php?rest_route=\/wp\/v2\/media\/2818"}],"wp:attachment":[{"href":"https:\/\/comdep.com.br\/index.php?rest_route=%2Fwp%2Fv2%2Fmedia&parent=2816"}],"wp:term":[{"taxonomy":"category","embeddable":true,"href":"https:\/\/comdep.com.br\/index.php?rest_route=%2Fwp%2Fv2%2Fcategories&post=2816"},{"taxonomy":"post_tag","embeddable":true,"href":"https:\/\/comdep.com.br\/index.php?rest_route=%2Fwp%2Fv2%2Ftags&post=2816"}],"curies":[{"name":"wp","href":"https:\/\/api.w.org\/{rel}","templated":true}]}}