{"id":2820,"date":"2020-03-13T14:09:51","date_gmt":"2020-03-13T17:09:51","guid":{"rendered":"http:\/\/comdep.com.br\/?p=2820"},"modified":"2020-03-13T14:19:59","modified_gmt":"2020-03-13T17:19:59","slug":"comdep-trabalhando-hoje-13-03-2020-nos-seguintes-locais","status":"publish","type":"post","link":"https:\/\/comdep.com.br\/?p=2820","title":{"rendered":"COMDEP trabalhando hoje 13\/03\/2020 nos seguintes locais:"},"content":{"rendered":"<p><strong>Distrito<\/strong><\/p>\n<p><strong>Ro\u00e7ada e capina:<\/strong> continua\u00e7\u00e3o Parque de Exposi\u00e7\u00e3o *<\/p>\n<p><strong>M\u00e1quina e caminh\u00f5es:<\/strong> Estrada do Gentio e Parque de Exposi\u00e7\u00e3o *<\/p>\n<p><strong>Varri\u00e7\u00e3o di\u00e1ria:<\/strong> Corr\u00eaas, Nogueiras, Araras, Itaipava, Madame Machado, Vila Rica , Pedro do Rio, Secret\u00e1rio *<\/p>\n<p><strong>Diretoria Operacional<\/strong><\/p>\n<p><strong>M\u00e1quinas e caminh\u00f5es:<\/strong> Boa Vista, Independ\u00eancia, Cremerie, Quarteir\u00e3o Brasileiro, Carangola *<\/p>\n<p><strong>Caminh\u00e3o D 08:<\/strong> Centro Hist\u00f3rico e turmas *<\/p>\n<p><strong>Capina e Ro\u00e7ada:<\/strong> Parque de exposi\u00e7\u00f5es de Itaipava, Caldas Viana, Prefeito Ary Barbosa, Saldanha Marinho, Sebasti\u00e3o de Carvalho, Frederico Pinheiro, Estrada do Carangola, Bingen, Visconde de Uruguai, Sargento Boening, Quarteir\u00e3o Brasileiro *<\/p>\n<p><strong>Limpeza<\/strong> de rio na Rua do Imperador *<\/p>\n<p><strong>Varri\u00e7\u00e3o<\/strong>: Morin, Alto da Serra, Vila Felipe, Ch\u00e1cara Flora, Cardoso Fontes, Euclides da Cunha, pra\u00e7a Pasteur, Pra\u00e7a Catulo e Castel\u00e2nea *<\/p>\n<p><strong>Varri\u00e7\u00e3o<\/strong>: feira livre da rua Francisco Manoel *<\/p>\n<p><strong>Caminh\u00e3o (C55) Pipa lavagem:<\/strong> Centro , Centro Hist\u00f3rico, pra\u00e7a Alcindo Sodr\u00e9 atr\u00e1s da banca de jornal ap\u00f3s lavando o monumento D. Pedro *<\/p>\n<p><strong>Caminh\u00e3o (C20) recolhimento de sacos de varri\u00e7\u00e3o:<\/strong> Quitandinha, Coronel Veiga, pra\u00e7a Pasteur, Alto da Serra, Morin, Centro, Centro Hist\u00f3rico e Bingen *<\/p>\n<p><strong>Parques e Jardins<\/strong><\/p>\n<p><strong>Corte de grama:<\/strong> Pra\u00e7a da Conflu\u00eancia, rua Roberto da Silveira e Albino Siqueira *<\/p>\n<p><strong>Jardim<\/strong>: pra\u00e7a da Liberdade *<\/p>\n<p><strong>Caminh\u00e3o do jardim:<\/strong> manuten\u00e7\u00e3o *<\/p>\n<p><strong>Kombi do jardim:<\/strong> manuten\u00e7\u00e3o *<\/p>\n<p><strong>Diretoria de Obras<\/strong><\/p>\n<p><strong>Instala\u00e7\u00e3o<\/strong> de Tela, na Rua, Divino Espirito Santo, Carangola *<\/p>\n<p><strong>Instala\u00e7\u00e3o<\/strong> de Tela No Quarteir\u00e3o Brasileiro *<\/p>\n<p><strong>Instala\u00e7\u00e3o<\/strong> de Tela na Rua C\u00e2ndido Borsato, Boa Vista *<\/p>\n<p><strong>Serralheria<\/strong>: Confec\u00e7\u00e3o de Cestas de Coletoras na Cia *<\/p>\n<p><strong>Instala\u00e7\u00e3o<\/strong> de Alambrado na Quadra da Rua Marculino Sim\u00f5es Ferreira, Bela Vista *<\/p>\n<p><strong>Pintura<\/strong>: Pontes&nbsp; Rua Marciano Magalh\u00e3es, Morin (Continua\u00e7\u00e3o) *<\/p>\n<p><strong>Carpintaria<\/strong>: Reparo e confec\u00e7\u00e3o de bancos e pe\u00e7as de pra\u00e7as e parquinhos *<\/p>\n<p><strong>Descarte<\/strong> de lixeirinhas Irrecuper\u00e1veis *<\/p>\n<p><strong>Manuten\u00e7\u00e3o<\/strong> de lixeirinhas de poste no Centro Hist\u00f3rico *<\/p>\n<p><strong>El\u00e9trica<\/strong>: Instala\u00e7\u00e3o de Arandelas na Rua Carlos Magalh\u00e3es Bastos, Sra Nina (Duchas) *<\/p>\n<p><strong>Manuten\u00e7\u00e3o<\/strong> em Chafarizes no Centro Hist\u00f3rico e Bairros *<\/p>\n<p><strong>Capina e Ro\u00e7ada:<\/strong> Nova Cascatinha, Pedro Nava e Pouso Alegre, Cascatinha (Continua\u00e7\u00e3o) *<\/p>\n<p><strong>Capina e Limpeza de Ralos:<\/strong> Rua Epit\u00e1cio Pessoa (Continua\u00e7\u00e3o) *<\/p>\n<p><strong>Eventos<\/strong><\/p>\n<p><strong>Montar<\/strong> tablado 3&#215;6 no deguste 1 barracas na Pra\u00e7a Alcindo Sodr\u00e9<\/p>\n<p><strong>Montar<\/strong> tablado de 6&#215;7.5 e 3 barracas liceu de itaipava, montar 1 barraca na Comunidade do Alem\u00e3o *<\/p>\n","protected":false},"excerpt":{"rendered":"<p>Distrito Ro\u00e7ada e capina: continua\u00e7\u00e3o Parque de Exposi\u00e7\u00e3o * M\u00e1quina e caminh\u00f5es: Estrada do Gentio e Parque de Exposi\u00e7\u00e3o * Varri\u00e7\u00e3o di\u00e1ria: Corr\u00eaas, Nogueiras, Araras, Itaipava, Madame Machado, Vila Rica , Pedro do Rio, Secret\u00e1rio * Diretoria Operacional M\u00e1quinas e caminh\u00f5es: Boa Vista, Independ\u00eancia, Cremerie, Quarteir\u00e3o Brasileiro, Carangola * Caminh\u00e3o D 08: Centro Hist\u00f3rico e&hellip;<\/p>\n","protected":false},"author":1,"featured_media":2822,"comment_status":"open","ping_status":"open","sticky":false,"template":"","format":"standard","meta":{"_themeisle_gutenberg_block_has_review":false,"footnotes":""},"categories":[1],"tags":[],"_links":{"self":[{"href":"https:\/\/comdep.com.br\/index.php?rest_route=\/wp\/v2\/posts\/2820"}],"collection":[{"href":"https:\/\/comdep.com.br\/index.php?rest_route=\/wp\/v2\/posts"}],"about":[{"href":"https:\/\/comdep.com.br\/index.php?rest_route=\/wp\/v2\/types\/post"}],"author":[{"embeddable":true,"href":"https:\/\/comdep.com.br\/index.php?rest_route=\/wp\/v2\/users\/1"}],"replies":[{"embeddable":true,"href":"https:\/\/comdep.com.br\/index.php?rest_route=%2Fwp%2Fv2%2Fcomments&post=2820"}],"version-history":[{"count":2,"href":"https:\/\/comdep.com.br\/index.php?rest_route=\/wp\/v2\/posts\/2820\/revisions"}],"predecessor-version":[{"id":2823,"href":"https:\/\/comdep.com.br\/index.php?rest_route=\/wp\/v2\/posts\/2820\/revisions\/2823"}],"wp:featuredmedia":[{"embeddable":true,"href":"https:\/\/comdep.com.br\/index.php?rest_route=\/wp\/v2\/media\/2822"}],"wp:attachment":[{"href":"https:\/\/comdep.com.br\/index.php?rest_route=%2Fwp%2Fv2%2Fmedia&parent=2820"}],"wp:term":[{"taxonomy":"category","embeddable":true,"href":"https:\/\/comdep.com.br\/index.php?rest_route=%2Fwp%2Fv2%2Fcategories&post=2820"},{"taxonomy":"post_tag","embeddable":true,"href":"https:\/\/comdep.com.br\/index.php?rest_route=%2Fwp%2Fv2%2Ftags&post=2820"}],"curies":[{"name":"wp","href":"https:\/\/api.w.org\/{rel}","templated":true}]}}