{"id":2842,"date":"2020-03-17T11:19:10","date_gmt":"2020-03-17T14:19:10","guid":{"rendered":"http:\/\/comdep.com.br\/?p=2842"},"modified":"2020-03-17T12:23:52","modified_gmt":"2020-03-17T15:23:52","slug":"comdep-trabalhando-hoje-17-03-2020-nos-seguintes-locais","status":"publish","type":"post","link":"https:\/\/comdep.com.br\/?p=2842","title":{"rendered":"COMDEP trabalhando hoje 17\/03\/2020 nos seguintes locais:"},"content":{"rendered":"<p><strong>Distrito \u00a0<\/strong><\/p>\n<p><strong>Ro\u00e7ada e capina<\/strong>: continua\u00e7\u00e3o Bairro da Gloria \u00a0*<\/p>\n<p><strong>M\u00e1quina e caminh\u00f5es:<\/strong> continua\u00e7\u00e3o Vila Rica \u00a0\u00a0*<\/p>\n<p><strong>Varri\u00e7\u00e3o di\u00e1ria:<\/strong> Corr\u00eaas, Nogueiras, Araras, Itaipava, Madame Machado, Vila Rica, Pedro do Rio, Secret\u00e1rio *<\/p>\n<p><strong>Diretoria Operacional<\/strong><\/p>\n<p><strong>M\u00e1quinas e caminh\u00f5es:<\/strong> Cel. Veiga, At\u00edlio Maroti, Quarteir\u00e3o Brasileiro, S\u00e3o Sebasti\u00e3o, Sargento Boening, DPO Alto da Serra *<\/p>\n<p><strong>Caminh\u00e3o Poli Guindaste:<\/strong> Estrada do Independ\u00eancia, Leonor Maia *<\/p>\n<p><strong>Caminh\u00e3o D 08:<\/strong> Carangola, Centro Hist\u00f3rico e turmas *<\/p>\n<p><strong>Capina e Ro\u00e7ada:<\/strong> Beco do Zar\u00fa, Cardoso Fontes, Professor Stroeller, Major Alberto Silva, Wilson Medeiros de Vasconcelos, Bingen, Rocha Cardoso, Machado de Assis, Sargento Boening, Estrada do Independ\u00eancia, Ant\u00f4nio da Silva ligeiro, Jo\u00e3o Xavier, Vale dos esquilos, Av. dos Pinheiros, S\u00e3o Sebasti\u00e3o *<\/p>\n<p><strong>Limpeza e raspagem:<\/strong> Rua Cel. \u00a0Veiga *<\/p>\n<p><strong>Varri\u00e7\u00e3o<\/strong>: Morin, Alto da Serra, Vila Felipe, Ch\u00e1cara Flora, Cardoso fontes, Euclides da Cunha, pra\u00e7a Pasteur e Castel\u00e2nea \u00a0*<\/p>\n<p><strong>Varri\u00e7\u00e3o<\/strong>: feira livre do Centro *<\/p>\n<p><strong>(03) funcion\u00e1rios<\/strong> trabalhando na feira livre do Centro, na retirada de res\u00edduos debaixo das bancas *<\/p>\n<p><strong>Caminh\u00e3o (C55) Pipa lavagem:<\/strong> Coronel Veiga \u00a0*<\/p>\n<p><strong>Caminh\u00e3o (C20) recolhimento de sacos da varri\u00e7\u00e3o<\/strong>: Quitandinha, coronel Veiga, pra\u00e7a Pasteur, Alto da Serra, Morin, Centro, Centro Hist\u00f3rico, Cascatinha e Bingen *<\/p>\n<p><strong>Parques e Jardins<\/strong><\/p>\n<p><strong>Corte de grama:<\/strong> Retiro e Souza Franco \u00a0*<\/p>\n<p><strong>Jardim<\/strong>: pra\u00e7a em frente a Comdep, Souza Franco pra\u00e7a da Dr Nelson de S\u00e1 Earp \u00a0*<\/p>\n<p><strong>Kombi do jardim:<\/strong> manuten\u00e7\u00e3o \u00a0*<\/p>\n<p><strong>Caminh\u00e3o do jardim:<\/strong> manuten\u00e7\u00e3o *<\/p>\n<p><strong>Diretoria de Obras<\/strong><\/p>\n<p><strong>Obras<\/strong>: canteiros na Rua S\u00e3o Norberto, Valpara\u00edso (continua\u00e7\u00e3o) *<\/p>\n<p><strong>Alojamento<\/strong> na regional de Itaipava (continua\u00e7\u00e3o) *<\/p>\n<p><strong>Constru\u00e7\u00e3o<\/strong> de base na Rua C\u00e2ndido Borsato, Boa Vista (continua\u00e7\u00e3o) *<\/p>\n<p><strong>Carpintaria<\/strong>: instala\u00e7\u00e3o de brinquedos no CEI Nossa Senhora Aparecida (Comunidade Vit\u00f3ria) *<\/p>\n<p><strong>Serralheria<\/strong>: confec\u00e7\u00e3o de cestas de coletoras na cia *<\/p>\n<p><strong>Instala\u00e7\u00e3o<\/strong> de alambrado na quadra da Rua Marcolino Sim\u00f5es Ferreira, Bela Vista *<\/p>\n<p><strong>Pintura<\/strong>: pontes, da rua, Marciano Magalh\u00e3es, Morin (continua\u00e7\u00e3o) *<\/p>\n<p><strong>El\u00e9trica<\/strong>: manuten\u00e7\u00e3o em chafarizes do Centro Hist\u00f3rico e bairros *<\/p>\n<p><strong>Capina e ro\u00e7ada:<\/strong> Rua Pouso Alegre, Cascatinha (continua\u00e7\u00e3o), CEI Nossa Senhora Aparecida (Comunidade Vit\u00f3ria) *<\/p>\n<p><strong>Capina e limpeza de ralos:<\/strong> Rua Epit\u00e1cio Pessoa, Conserva Centro (continua\u00e7\u00e3o) *<\/p>\n<p><strong>Obs: Caminh\u00e3o G-17 recolhendo<\/strong> lixo verde Rua Bernardo Proen\u00e7a *<\/p>\n<p><strong>Eventos<\/strong><\/p>\n<p><strong>Igreja<\/strong> do Itamarati palco e 6 barris de lixo *<\/p>\n<p><strong>Retirar<\/strong> barracas e Palco montados Pedro do Rio, Carangola (Vicente Rivetti) Caititu *<\/p>\n","protected":false},"excerpt":{"rendered":"<p>Distrito \u00a0 Ro\u00e7ada e capina: continua\u00e7\u00e3o Bairro da Gloria \u00a0* M\u00e1quina e caminh\u00f5es: continua\u00e7\u00e3o Vila Rica \u00a0\u00a0* Varri\u00e7\u00e3o di\u00e1ria: Corr\u00eaas, Nogueiras, Araras, Itaipava, Madame Machado, Vila Rica, Pedro do Rio, Secret\u00e1rio * Diretoria Operacional M\u00e1quinas e caminh\u00f5es: Cel. Veiga, At\u00edlio Maroti, Quarteir\u00e3o Brasileiro, S\u00e3o Sebasti\u00e3o, Sargento Boening, DPO Alto da Serra * Caminh\u00e3o Poli Guindaste:&hellip;<\/p>\n","protected":false},"author":1,"featured_media":2849,"comment_status":"open","ping_status":"open","sticky":false,"template":"","format":"standard","meta":{"_themeisle_gutenberg_block_has_review":false,"footnotes":""},"categories":[1],"tags":[],"_links":{"self":[{"href":"https:\/\/comdep.com.br\/index.php?rest_route=\/wp\/v2\/posts\/2842"}],"collection":[{"href":"https:\/\/comdep.com.br\/index.php?rest_route=\/wp\/v2\/posts"}],"about":[{"href":"https:\/\/comdep.com.br\/index.php?rest_route=\/wp\/v2\/types\/post"}],"author":[{"embeddable":true,"href":"https:\/\/comdep.com.br\/index.php?rest_route=\/wp\/v2\/users\/1"}],"replies":[{"embeddable":true,"href":"https:\/\/comdep.com.br\/index.php?rest_route=%2Fwp%2Fv2%2Fcomments&post=2842"}],"version-history":[{"count":1,"href":"https:\/\/comdep.com.br\/index.php?rest_route=\/wp\/v2\/posts\/2842\/revisions"}],"predecessor-version":[{"id":2843,"href":"https:\/\/comdep.com.br\/index.php?rest_route=\/wp\/v2\/posts\/2842\/revisions\/2843"}],"wp:featuredmedia":[{"embeddable":true,"href":"https:\/\/comdep.com.br\/index.php?rest_route=\/wp\/v2\/media\/2849"}],"wp:attachment":[{"href":"https:\/\/comdep.com.br\/index.php?rest_route=%2Fwp%2Fv2%2Fmedia&parent=2842"}],"wp:term":[{"taxonomy":"category","embeddable":true,"href":"https:\/\/comdep.com.br\/index.php?rest_route=%2Fwp%2Fv2%2Fcategories&post=2842"},{"taxonomy":"post_tag","embeddable":true,"href":"https:\/\/comdep.com.br\/index.php?rest_route=%2Fwp%2Fv2%2Ftags&post=2842"}],"curies":[{"name":"wp","href":"https:\/\/api.w.org\/{rel}","templated":true}]}}