{"id":2851,"date":"2020-03-18T11:50:44","date_gmt":"2020-03-18T14:50:44","guid":{"rendered":"http:\/\/comdep.com.br\/?p=2851"},"modified":"2020-03-18T11:54:07","modified_gmt":"2020-03-18T14:54:07","slug":"comdep-trabalhando-hoje-18-03-2020-nos-seguintes-locais","status":"publish","type":"post","link":"https:\/\/comdep.com.br\/?p=2851","title":{"rendered":"COMDEP trabalhando hoje 18\/03\/2020 nos seguintes locais:"},"content":{"rendered":"<p><strong>Distrito<\/strong><\/p>\n<p><strong>Ro\u00e7ada e capina:<\/strong> continua\u00e7\u00e3o Bairro da Gloria \u00a0*<\/p>\n<p><strong>M\u00e1quina e caminh\u00f5es<\/strong>: continua\u00e7\u00e3o Araras, e Candimbas \u00a0*<\/p>\n<p><strong>Varri\u00e7\u00e3o di\u00e1ria:<\/strong> Corr\u00eaas, Nogueiras, Araras, Itaipava, Madame Machado, Vila Rica, Pedro do Rio, Secret\u00e1rio *<\/p>\n<p><strong>Diretoria Operacional<\/strong><\/p>\n<p><strong>M\u00e1quinas e caminh\u00f5es:<\/strong> Ferrovi\u00e1rios, At\u00edlio Maroti, Ang\u00e9lica Lopes de Castro, Joaquim Gomensoro, Casemiro de Abreu, 14 Bis, Bartolomeu de Gusm\u00e3o *<\/p>\n<p><strong>Caminh\u00e3o Poli Guindaste:<\/strong> Estrada do Independ\u00eancia *<\/p>\n<p><strong>Caminh\u00e3o D 08:<\/strong> Centro Hist\u00f3rico e turmas *<\/p>\n<p><strong>Capina e Ro\u00e7ada:<\/strong> Pinto Ferreira, Beco do Zar\u00fa, Cardoso Fontes, Professor Stroele,Major Alberto Silva, Wilson Medeiros de Vasconcelos, Bingen, Machado de Assis, Bartolomeu de Gusm\u00e3o, Ant\u00f4nio da Silva ligeiro, \u00c2ngelo Jo\u00e3o Brand, Jo\u00e3o Xavier, Fernandes Vieira, Av. dos Pinheiros, Tancredo Neves *<\/p>\n<p><strong>Limpeza de rio:<\/strong> Rua General Rondon *<\/p>\n<p><strong>Limpeza<\/strong> de canaletas na Estrada do Independ\u00eancia *<\/p>\n<p><strong>Varri\u00e7\u00e3o<\/strong>: Quitandinha, General Rondon, Pontes do Fones, Olavo Bilac, Simeria, S\u00e3o Sebasti\u00e3o, Castel\u00e2nea, Conde D&#8217;Eu e pra\u00e7a Pasteur *<\/p>\n<p><strong>Caminh\u00e3o (C20) recolhimento de sacos da varri\u00e7\u00e3o:<\/strong> Quitandinha, Coronel Veiga, Alto da Serra, Morin, Centro, Centro Hist\u00f3rico e Bingen *<\/p>\n<p><strong>Caminh\u00e3o (C55) Pipa lavagem<\/strong>: Centro, Centro Hist\u00f3rico, pra\u00e7a Alcindo Sodr\u00e9 atr\u00e1s da banca de jornal ap\u00f3s verificando o chafariz da Pra\u00e7a da Liberdade *<\/p>\n<p><strong>Lavando<\/strong> os terminais de \u00f4nibus (Corr\u00eaas e Itaipava) equipe da noite *<\/p>\n<p><strong>Parques e Jardins<\/strong><\/p>\n<p><strong>Corte de grama:<\/strong> Bar\u00e3o do rio Branco e Avenida Piabanha \u00a0*<\/p>\n<p><strong>Jardim<\/strong>: Lopes Trov\u00e3o e Meio da Serra \u00a0*<\/p>\n<p><strong>Kombi do jardim:<\/strong> manuten\u00e7\u00e3o *<\/p>\n<p><strong>Caminh\u00e3o do jardim:<\/strong> manuten\u00e7\u00e3o *<\/p>\n<p><strong>Santana<\/strong>: transporte de funcion\u00e1rios *<\/p>\n<p><strong>Diretoria de Obras<\/strong><\/p>\n<p><strong>Obras<\/strong>: instala\u00e7\u00e3o de uma cesta de 3 metros na Rua C\u00e2ndido Borsato (Boa Vista) *<\/p>\n<p><strong>Carpintaria<\/strong>: reparo e confec\u00e7\u00e3o de bancos e pe\u00e7as de pra\u00e7as e parquinhos na cia, CEI Nossa Senhora Aparecida, Comunidade Vit\u00f3ria (instala\u00e7\u00e3o de parquinho, continua\u00e7\u00e3o) *<\/p>\n<p><strong>Serralheria<\/strong>: confec\u00e7\u00e3o de cestas de coletoras na cia *<\/p>\n<p><strong>Instala\u00e7\u00e3o<\/strong> de alambrado na quadra da Rua Marcolino Sim\u00f5es Ferreira, Bela Vista (continua\u00e7\u00e3o) *<\/p>\n<p><strong>Pintura<\/strong>: pintura no parquinho do Alcides Carneiro *<\/p>\n<p><strong>Confec\u00e7\u00e3o<\/strong> de canteiros na Rua S\u00e3o Norberto, Valpara\u00edso (continua\u00e7\u00e3o) *<\/p>\n<p><strong>El\u00e9trica<\/strong>: manuten\u00e7\u00e3o em chafarizes de Centro Hist\u00f3rico e bairros *<\/p>\n<p><strong>Capina e ro\u00e7ada:<\/strong> Pouso Alegre (continua\u00e7\u00e3o) *<\/p>\n<p><strong>CEI<\/strong> nossa senhora aparecida (continua\u00e7\u00e3o) *<\/p>\n<p><strong>Capina e limpeza de ralos:<\/strong> rua do Bosque do Imperador (continua\u00e7\u00e3o) *<\/p>\n<p><strong>Eventos<\/strong><\/p>\n<p><strong>Manuten\u00e7\u00e3o<\/strong> no material *<\/p>\n","protected":false},"excerpt":{"rendered":"<p>Distrito Ro\u00e7ada e capina: continua\u00e7\u00e3o Bairro da Gloria \u00a0* M\u00e1quina e caminh\u00f5es: continua\u00e7\u00e3o Araras, e Candimbas \u00a0* Varri\u00e7\u00e3o di\u00e1ria: Corr\u00eaas, Nogueiras, Araras, Itaipava, Madame Machado, Vila Rica, Pedro do Rio, Secret\u00e1rio * Diretoria Operacional M\u00e1quinas e caminh\u00f5es: Ferrovi\u00e1rios, At\u00edlio Maroti, Ang\u00e9lica Lopes de Castro, Joaquim Gomensoro, Casemiro de Abreu, 14 Bis, Bartolomeu de Gusm\u00e3o *&hellip;<\/p>\n","protected":false},"author":1,"featured_media":2853,"comment_status":"open","ping_status":"open","sticky":false,"template":"","format":"standard","meta":{"_themeisle_gutenberg_block_has_review":false,"footnotes":""},"categories":[1],"tags":[],"_links":{"self":[{"href":"https:\/\/comdep.com.br\/index.php?rest_route=\/wp\/v2\/posts\/2851"}],"collection":[{"href":"https:\/\/comdep.com.br\/index.php?rest_route=\/wp\/v2\/posts"}],"about":[{"href":"https:\/\/comdep.com.br\/index.php?rest_route=\/wp\/v2\/types\/post"}],"author":[{"embeddable":true,"href":"https:\/\/comdep.com.br\/index.php?rest_route=\/wp\/v2\/users\/1"}],"replies":[{"embeddable":true,"href":"https:\/\/comdep.com.br\/index.php?rest_route=%2Fwp%2Fv2%2Fcomments&post=2851"}],"version-history":[{"count":1,"href":"https:\/\/comdep.com.br\/index.php?rest_route=\/wp\/v2\/posts\/2851\/revisions"}],"predecessor-version":[{"id":2852,"href":"https:\/\/comdep.com.br\/index.php?rest_route=\/wp\/v2\/posts\/2851\/revisions\/2852"}],"wp:featuredmedia":[{"embeddable":true,"href":"https:\/\/comdep.com.br\/index.php?rest_route=\/wp\/v2\/media\/2853"}],"wp:attachment":[{"href":"https:\/\/comdep.com.br\/index.php?rest_route=%2Fwp%2Fv2%2Fmedia&parent=2851"}],"wp:term":[{"taxonomy":"category","embeddable":true,"href":"https:\/\/comdep.com.br\/index.php?rest_route=%2Fwp%2Fv2%2Fcategories&post=2851"},{"taxonomy":"post_tag","embeddable":true,"href":"https:\/\/comdep.com.br\/index.php?rest_route=%2Fwp%2Fv2%2Ftags&post=2851"}],"curies":[{"name":"wp","href":"https:\/\/api.w.org\/{rel}","templated":true}]}}