{"id":2873,"date":"2020-03-20T11:34:46","date_gmt":"2020-03-20T14:34:46","guid":{"rendered":"http:\/\/comdep.com.br\/?p=2873"},"modified":"2020-04-12T15:32:16","modified_gmt":"2020-04-12T18:32:16","slug":"comdep-trabalhando-hoje-20-03-2020-nos-seguintes-locais","status":"publish","type":"post","link":"https:\/\/comdep.com.br\/?p=2873","title":{"rendered":"COMDEP trabalhando hoje 20\/03\/2020 nos seguintes locais:"},"content":{"rendered":"<p><strong>Distrito<\/strong><\/p>\n<p><strong>Ro\u00e7ada e capina:<\/strong> Rua E e Domingos Jos\u00e9 Martins \u00a0*<\/p>\n<p><strong>M\u00e1quina e caminh\u00f5es<\/strong>: Raspagem na Primeira Avenida Vila do Sossego, Uni\u00e3o Ind\u00fastria Itaipava. \u00a0*<\/p>\n<p><strong>Varri\u00e7\u00e3o di\u00e1ria:<\/strong> Corr\u00eaas, Nogueiras, Itaipava, Madame Machado, Vila Rica, Pedro do Rio, Secret\u00e1rio *<\/p>\n<p><strong>Diretoria Operacional<\/strong><\/p>\n<p><strong>M\u00e1quinas e caminh\u00f5es:<\/strong> Fabr\u00edcio de Matos, Bingen, Frederico Pinheiro, Galdino Pimentel, 24 de Maio, Independ\u00eancia *<\/p>\n<p><strong>Caminh\u00e3o D 08<\/strong>: Museu Imperial *<\/p>\n<p><strong>Caminh\u00e3o Poli Guindaste:<\/strong> Estrada do Independ\u00eancia *<\/p>\n<p><strong>Capina e ro\u00e7ada:<\/strong> Pra\u00e7a Rui Barbosa, Rua Manoel Correia, Alintor Werneck, Professor Strolle, Jacob Beck, Amoedo, Bingen, 29 de junho, Sargento Fontes, Ant\u00f4nio da Silva ligeiro, Rua da Bica Taquara, Palmeiras, Artur Cruz, Vale dos esquilos, Dom Jo\u00e3o Braga, Tancredo Neves *<\/p>\n<p><strong>Limpeza<\/strong> de canaletas nas ruas Dom Jo\u00e3o Braga e \u00c2ngelo Jo\u00e3o Brand *<\/p>\n<p><strong>Varri\u00e7\u00e3o<\/strong>: Capela, Manoel Torres, Bingen, Duarte da Silveira, Bairro Castrioto, Jo\u00e3o Xavier, Mosela, Campo do Serrano e Pedras Brancas *<\/p>\n<p><strong>Varri\u00e7\u00e3o<\/strong> na feira livre da rua Francisco Manoel *<\/p>\n<p><strong>Caminh\u00e3o (C20) recolhimento de sacos da varri\u00e7\u00e3o:<\/strong> General Rondon, coronel Veiga, Alto da Serra, Morim, Centro, centro hist\u00f3rico e Bingen *<\/p>\n<p><strong>Caminh\u00e3o (C55) Pipa lavagem:<\/strong> Centro, centro hist\u00f3rico, pra\u00e7a Alcindo Sodr\u00e9 atr\u00e1s da banca de jornal, ap\u00f3s verificando o chafariz da pra\u00e7a do bosque *<\/p>\n<p><strong>Caminh\u00e3o (C55) Pipa:<\/strong> Lavando os terminais de \u00f4nibus:(turma da noite), Corr\u00eaas e Itaipava *<\/p>\n<p><strong>Parques e Jardins<\/strong><\/p>\n<p><strong>Corte de grama:<\/strong> Monsenhor Bacelar e Bar\u00e3o do Rio Branco \u00a0*<\/p>\n<p><strong>Jardim<\/strong>: pra\u00e7a Pasteur, Catedral e Avenida Koeller \u00a0*<\/p>\n<p><strong>Caminh\u00e3o do jardim:<\/strong> manuten\u00e7\u00e3o \u00a0*<\/p>\n<p><strong>Kombi do jardim:<\/strong> manuten\u00e7\u00e3o Santana transporte de funcion\u00e1rios *<\/p>\n<p><strong>Diretoria de Obras<\/strong><\/p>\n<p><strong>Obras<\/strong>: transporte de materiais para obras no bairro Duques *<\/p>\n<p><strong>Confec\u00e7\u00e3o<\/strong> de canteiros e nivelamento de cal\u00e7ada na rua S\u00e3o Norberto, Valpara\u00edso (continua\u00e7\u00e3o) *<\/p>\n<p><strong>Confec\u00e7\u00e3o<\/strong> de uma b\u00e1ia no Lagoinha, Morin *<\/p>\n<p><strong>Instala\u00e7\u00e3o<\/strong> de tela e placa proibitiva na rua Jo\u00e3o de Deus *<\/p>\n<p><strong>Carpintaria<\/strong>: reparo e manuten\u00e7\u00e3o de bancos e pe\u00e7as de pra\u00e7as e parquinhos na cia *<\/p>\n<p><strong>Consertar<\/strong> balc\u00e3o do Centro de Atendimento de IPTU *<\/p>\n<p><strong>Serralheria<\/strong>: confec\u00e7\u00e3o de cestas de coletoras na cia *<\/p>\n<p><strong>Instala\u00e7\u00e3o<\/strong> de alambrado em quadra na Rua Marcolino Sim\u00f5es Ferreira, Bela Vista (continua\u00e7\u00e3o) *<\/p>\n<p><strong>Pintura<\/strong>: pintura de pontes e guarda corpos da Rua Marciano Magalh\u00e3es, Morin (continua\u00e7\u00e3o) *<\/p>\n<p><strong>El\u00e9trica<\/strong>: manuten\u00e7\u00e3o em chafarizes do Centro Hist\u00f3rico e bairros *<\/p>\n<p><strong>Eventos<\/strong><\/p>\n<p><strong>Montar<\/strong> 4 barracas no Centro de Sa\u00fade *<\/p>\n","protected":false},"excerpt":{"rendered":"<p>Distrito Ro\u00e7ada e capina: Rua E e Domingos Jos\u00e9 Martins \u00a0* M\u00e1quina e caminh\u00f5es: Raspagem na Primeira Avenida Vila do Sossego, Uni\u00e3o Ind\u00fastria Itaipava. \u00a0* Varri\u00e7\u00e3o di\u00e1ria: Corr\u00eaas, Nogueiras, Itaipava, Madame Machado, Vila Rica, Pedro do Rio, Secret\u00e1rio * Diretoria Operacional M\u00e1quinas e caminh\u00f5es: Fabr\u00edcio de Matos, Bingen, Frederico Pinheiro, Galdino Pimentel, 24 de Maio,&hellip;<\/p>\n","protected":false},"author":1,"featured_media":2875,"comment_status":"closed","ping_status":"closed","sticky":false,"template":"","format":"standard","meta":{"_themeisle_gutenberg_block_has_review":false,"footnotes":""},"categories":[1],"tags":[],"_links":{"self":[{"href":"https:\/\/comdep.com.br\/index.php?rest_route=\/wp\/v2\/posts\/2873"}],"collection":[{"href":"https:\/\/comdep.com.br\/index.php?rest_route=\/wp\/v2\/posts"}],"about":[{"href":"https:\/\/comdep.com.br\/index.php?rest_route=\/wp\/v2\/types\/post"}],"author":[{"embeddable":true,"href":"https:\/\/comdep.com.br\/index.php?rest_route=\/wp\/v2\/users\/1"}],"replies":[{"embeddable":true,"href":"https:\/\/comdep.com.br\/index.php?rest_route=%2Fwp%2Fv2%2Fcomments&post=2873"}],"version-history":[{"count":1,"href":"https:\/\/comdep.com.br\/index.php?rest_route=\/wp\/v2\/posts\/2873\/revisions"}],"predecessor-version":[{"id":2874,"href":"https:\/\/comdep.com.br\/index.php?rest_route=\/wp\/v2\/posts\/2873\/revisions\/2874"}],"wp:featuredmedia":[{"embeddable":true,"href":"https:\/\/comdep.com.br\/index.php?rest_route=\/wp\/v2\/media\/2875"}],"wp:attachment":[{"href":"https:\/\/comdep.com.br\/index.php?rest_route=%2Fwp%2Fv2%2Fmedia&parent=2873"}],"wp:term":[{"taxonomy":"category","embeddable":true,"href":"https:\/\/comdep.com.br\/index.php?rest_route=%2Fwp%2Fv2%2Fcategories&post=2873"},{"taxonomy":"post_tag","embeddable":true,"href":"https:\/\/comdep.com.br\/index.php?rest_route=%2Fwp%2Fv2%2Ftags&post=2873"}],"curies":[{"name":"wp","href":"https:\/\/api.w.org\/{rel}","templated":true}]}}