{"id":2902,"date":"2020-03-24T14:57:48","date_gmt":"2020-03-24T17:57:48","guid":{"rendered":"http:\/\/comdep.com.br\/?p=2902"},"modified":"2020-03-24T15:20:48","modified_gmt":"2020-03-24T18:20:48","slug":"comdep-trabalhando-hoje-dia-24-03-2020-nos-seguintes-locais","status":"publish","type":"post","link":"https:\/\/comdep.com.br\/?p=2902","title":{"rendered":"COMDEP trabalhando hoje dia 24\/03\/2020 nos seguintes locais:"},"content":{"rendered":"<p><strong>Distrito<\/strong><\/p>\n<p><strong>Ro\u00e7ada e capina<\/strong>: terreno para apoio a pacientes com suspeita de Covid &#8211; 19 &nbsp;*<\/p>\n<p><strong>M\u00e1quina e caminh\u00f5es:<\/strong> continua\u00e7\u00e3o Madame Machado &nbsp;*<\/p>\n<p><strong>Varri\u00e7\u00e3o di\u00e1ria<\/strong>: Corr\u00eaas, Nogueiras, Araras, Itaipava, Vila Rica, Pedro do Rio *<\/p>\n<p><strong>Diretoria Operacional<\/strong><\/p>\n<p><strong>M\u00e1quinas e caminh\u00f5es<\/strong>: Sim\u00e9ria, S\u00e3o Sebasti\u00e3o, Caxambu, Floresta *<\/p>\n<p><strong>Caminh\u00e3o Poli Guindaste:<\/strong> Independ\u00eancia e turmas *<\/p>\n<p><strong>Caminh\u00e3o D 08:<\/strong> Centro Hist\u00f3rico e turmas *<\/p>\n<p><strong>Capina e Ro\u00e7ada:<\/strong> Padre Siqueira, Pra\u00e7a da conflu\u00eancia, Koeler, Dr. S\u00e1 Earp, Professor Strolle, Marechal Hermes, Amoedo, Bingen, 29 de junho, Rua Santo Ant\u00f4nio, Bar\u00e3o do Rio Branco, Afr\u00e2nio de Mello Franco, Yedo Fiuza, Taquara, Vale dos esquilos, Lopes trov\u00e3o, Bob Cat Rua Felipo Gelli, Tancredo Neves *<\/p>\n<p><strong>Limpeza de rio<\/strong>: Rua S\u00e3o Sebasti\u00e3o *<\/p>\n<p><strong>Varri\u00e7\u00e3o<\/strong>: Quitandinha, General Rondon, Pontes do Fones, Olavo Bilac, coronel Veiga, pra\u00e7a Pasteur, Alto da Serra e Morin *<\/p>\n<p><strong>Varri\u00e7\u00e3o<\/strong>: feira livre do Centro *<\/p>\n<p><strong>(02) funcion\u00e1rios<\/strong> trabalhando na feira livre do Centro na retirada de res\u00edduos debaixo das bancas *<\/p>\n<p><strong>Caminh\u00e3o (C20) recolhimento de sacos de varri\u00e7\u00e3o:<\/strong> Quitandinha, coronel Veiga, pra\u00e7a Pasteur, Alto da Serra, Morin, Centro, Centro Hist\u00f3rico, Cascatinha e Bingen *<\/p>\n<p><strong>Caminh\u00e3o (C55) Pipa lavagem<\/strong>: Centro, Centro Hist\u00f3rico, pra\u00e7a Alcindo Sodr\u00e9, cal\u00e7adas enfrente os mercados do Centro *<\/p>\n<p><strong>Caminh\u00e3o (C55) Pipa lavagem (na parte da noite, a partir das 19:00)<\/strong>: Terminais de \u00f4nibus (Corr\u00eaas e Itaipava), cal\u00e7adas em frente os mercados do Centro, Mosela, Alto da Serra, Quissam\u00e3, Itamarati, Cascatinha e Corr\u00eaas *<\/p>\n<p><strong>Parques e Jardins<\/strong><\/p>\n<p><strong>Corte de grama<\/strong>: Bar\u00e3o do rio Branco*<\/p>\n<p><strong>Jardim<\/strong>: Catedral*<\/p>\n<p><strong>Caminh\u00e3o do jardim:<\/strong> recolher lixo verde Souza Franco *<\/p>\n<p><strong> Kombi do jardim<\/strong>: manuten\u00e7\u00e3o *<\/p>\n<p><strong>Diretoria de obras<\/strong><\/p>\n<p><strong>Serralheria<\/strong>: confec\u00e7\u00e3o de coletoras na cia *<\/p>\n<p><strong>Carpintaria<\/strong>: instala\u00e7\u00e3o de placa proibitiva no bairro Estrada da Saudade (Fragoso) e manuten\u00e7\u00e3o em \u00e1rea de lazer infantil no bairro Lopes Trov\u00e3o (Caminho do Ouro) *<\/p>\n<p><strong>Capina ro\u00e7ada e limpeza de canaletas:<\/strong> Rua Vi\u00fava Lima (Cascatinha) *<\/p>\n<p><strong>Capina ro\u00e7ada e limpeza de canaletas<\/strong>: Rua Manoel Ferreira Da Cunha (Duques) parte de cima *<\/p>\n<p><strong>Capina e limpeza de ralos:<\/strong> Rua Nilo Pe\u00e7anha, conservas Centro *<\/p>\n<p><strong>Pintura<\/strong>: continua\u00e7\u00e3o de pintura de pontes e guarda- corpo bairro Morin e \u00e1rea de lazer infantil no bairro Alto da Serra (Caminho do Ouro) *<\/p>\n","protected":false},"excerpt":{"rendered":"<p>Distrito Ro\u00e7ada e capina: terreno para apoio a pacientes com suspeita de Covid &#8211; 19 &nbsp;* M\u00e1quina e caminh\u00f5es: continua\u00e7\u00e3o Madame Machado &nbsp;* Varri\u00e7\u00e3o di\u00e1ria: Corr\u00eaas, Nogueiras, Araras, Itaipava, Vila Rica, Pedro do Rio * Diretoria Operacional M\u00e1quinas e caminh\u00f5es: Sim\u00e9ria, S\u00e3o Sebasti\u00e3o, Caxambu, Floresta * Caminh\u00e3o Poli Guindaste: Independ\u00eancia e turmas * Caminh\u00e3o D&hellip;<\/p>\n","protected":false},"author":1,"featured_media":2904,"comment_status":"open","ping_status":"open","sticky":false,"template":"","format":"standard","meta":{"_themeisle_gutenberg_block_has_review":false,"footnotes":""},"categories":[1],"tags":[],"_links":{"self":[{"href":"https:\/\/comdep.com.br\/index.php?rest_route=\/wp\/v2\/posts\/2902"}],"collection":[{"href":"https:\/\/comdep.com.br\/index.php?rest_route=\/wp\/v2\/posts"}],"about":[{"href":"https:\/\/comdep.com.br\/index.php?rest_route=\/wp\/v2\/types\/post"}],"author":[{"embeddable":true,"href":"https:\/\/comdep.com.br\/index.php?rest_route=\/wp\/v2\/users\/1"}],"replies":[{"embeddable":true,"href":"https:\/\/comdep.com.br\/index.php?rest_route=%2Fwp%2Fv2%2Fcomments&post=2902"}],"version-history":[{"count":2,"href":"https:\/\/comdep.com.br\/index.php?rest_route=\/wp\/v2\/posts\/2902\/revisions"}],"predecessor-version":[{"id":2905,"href":"https:\/\/comdep.com.br\/index.php?rest_route=\/wp\/v2\/posts\/2902\/revisions\/2905"}],"wp:featuredmedia":[{"embeddable":true,"href":"https:\/\/comdep.com.br\/index.php?rest_route=\/wp\/v2\/media\/2904"}],"wp:attachment":[{"href":"https:\/\/comdep.com.br\/index.php?rest_route=%2Fwp%2Fv2%2Fmedia&parent=2902"}],"wp:term":[{"taxonomy":"category","embeddable":true,"href":"https:\/\/comdep.com.br\/index.php?rest_route=%2Fwp%2Fv2%2Fcategories&post=2902"},{"taxonomy":"post_tag","embeddable":true,"href":"https:\/\/comdep.com.br\/index.php?rest_route=%2Fwp%2Fv2%2Ftags&post=2902"}],"curies":[{"name":"wp","href":"https:\/\/api.w.org\/{rel}","templated":true}]}}