{"id":2916,"date":"2020-03-26T10:16:31","date_gmt":"2020-03-26T13:16:31","guid":{"rendered":"http:\/\/comdep.com.br\/?p=2916"},"modified":"2020-03-26T10:24:40","modified_gmt":"2020-03-26T13:24:40","slug":"comdep-trabalhando-hoje-26-03-2020-nos-seguintes-locais","status":"publish","type":"post","link":"https:\/\/comdep.com.br\/?p=2916","title":{"rendered":"COMDEP trabalhando hoje 26\/03\/2020 nos seguintes locais:"},"content":{"rendered":"<p><strong>Diretoria de Parques e Jardins<\/strong><\/p>\n<p><strong>Corte de grama:<\/strong> Parque S\u00e3o Vicente e Pra\u00e7a Conde D\u2019Eu *<\/p>\n<p><strong>Jardim<\/strong>: BNH da Petro Ita, Pra\u00e7a dos Cavalos &nbsp;*<\/p>\n<p><strong>Caminh\u00e3o do jardim:<\/strong> recolher lixo verde Meio da Serra &nbsp;*<\/p>\n<p><strong>Kombi do jardim:<\/strong> manuten\u00e7\u00e3o *<\/p>\n<p><strong>Diretoria Operacional<\/strong><\/p>\n<p><strong>M\u00e1quinas e caminh\u00f5es:<\/strong> Olavo Bilac, Crist\u00f3v\u00e3o Colombo, Jo\u00e3o J\u00falio Braun, Ana Elizabete Weber, Vitor Meirelles, Felipo Gelli, independ\u00eancia, Lu\u00eds Winter, Dias de Oliveira, Jo\u00e3o Xavier, Manoel Torres *<\/p>\n<p><strong>Caminh\u00e3o D 08:<\/strong> Centro Hist\u00f3rico e turmas *<\/p>\n<p><strong>Caminh\u00e3o Poli Guindaste:<\/strong> Independ\u00eancia, Alfredo Shilick *<\/p>\n<p><strong>Capina e ro\u00e7ada:<\/strong> Av. Koeller, Raul de Leoni, Buarque de Macedo, Lu\u00edsa Bender Pinheiro, Marechal Hermes, Cidade Nova, Bingen, Rockfeller, Dom Jo\u00e3o Braga, Bar\u00e3o do Rio Branco, Afr\u00e2nio de Mello Franco, Vista Alegre Taquara, \u00c2ngelo Jo\u00e3o Brand, Euclides da Cunha *<\/p>\n<p><strong>Limpeza de rio:<\/strong> Carangola Cidade Nova *<\/p>\n<p><strong>Diretoria de Limpeza Urbana<\/strong><\/p>\n<p><strong>Varri\u00e7\u00e3o<\/strong>: Vale do Carangola, Vicenzo Rivetti, Retiro, Quarteir\u00e3o Brasileiro, Bar\u00e3o do Rio Branco, Duchas e Mosela *<\/p>\n<p><strong>Varri\u00e7\u00e3o<\/strong>: feira livre da pra\u00e7a Pasteur *<\/p>\n<p><strong>Caminh\u00e3o (20) recolhimento de sacos da varri\u00e7\u00e3o:<\/strong> Quitandinha, Coronel Veiga, pra\u00e7a Pasteur, Alto da Serra, Morin, Centro, Centro Hist\u00f3rico e Bingen *<\/p>\n<p><strong>Caminh\u00e3o (C55) Pipa lavagem (Dia):<\/strong> Cal\u00e7adas em frente os mercados Corr\u00eaas, Nogueira e Itaipava *<\/p>\n<p><strong>Caminh\u00e3o (C55) Pipa lavagem:<\/strong> Terminas rodovi\u00e1rios (Corr\u00eaas e Itaipava) *<\/p>\n<p><strong>Distritos<\/strong><\/p>\n<p><strong>Ro\u00e7ada e capina:<\/strong> continua\u00e7\u00e3o Fazenda Inglesa &nbsp;*<\/p>\n<p><strong>M\u00e1quina e caminh\u00f5es:<\/strong> continua\u00e7\u00e3o Madame Machado &nbsp;*<\/p>\n<p><strong>Varri\u00e7\u00e3o di\u00e1ria:<\/strong> Corr\u00eaas, Nogueiras, Araras, Itaipava, Vila Rica, Pedro do Rio *<\/p>\n<p><strong>Diretoria de Obras<\/strong><\/p>\n<p><strong>Obras<\/strong>: Rua S\u00e3o Norberto *<\/p>\n<p><strong>Pintura<\/strong>: Pra\u00e7a da Liberdade (cont) e rua Gal. Marciano Magalh\u00e3es (cont) *<\/p>\n<p><strong>Serralheria<\/strong>: confec\u00e7\u00e3o de cestas coletoras na cia *<\/p>\n<p><strong>Carpintaria<\/strong>: manuten\u00e7\u00e3o do parquinho na Rua Jo\u00e3o Pedro Tesch, no Vila Felipe *<\/p>\n<p><strong>Capina e ro\u00e7ada:<\/strong> Rua Vi\u00fava Lima, Rua Nilo Pe\u00e7anha (cont), Vila Macedo e parquinho do correio, Meio da Serra *<\/p>\n","protected":false},"excerpt":{"rendered":"<p>Diretoria de Parques e Jardins Corte de grama: Parque S\u00e3o Vicente e Pra\u00e7a Conde D\u2019Eu * Jardim: BNH da Petro Ita, Pra\u00e7a dos Cavalos &nbsp;* Caminh\u00e3o do jardim: recolher lixo verde Meio da Serra &nbsp;* Kombi do jardim: manuten\u00e7\u00e3o * Diretoria Operacional M\u00e1quinas e caminh\u00f5es: Olavo Bilac, Crist\u00f3v\u00e3o Colombo, Jo\u00e3o J\u00falio Braun, Ana Elizabete Weber,&hellip;<\/p>\n","protected":false},"author":1,"featured_media":2918,"comment_status":"open","ping_status":"open","sticky":false,"template":"","format":"standard","meta":{"_themeisle_gutenberg_block_has_review":false,"footnotes":""},"categories":[1],"tags":[],"_links":{"self":[{"href":"https:\/\/comdep.com.br\/index.php?rest_route=\/wp\/v2\/posts\/2916"}],"collection":[{"href":"https:\/\/comdep.com.br\/index.php?rest_route=\/wp\/v2\/posts"}],"about":[{"href":"https:\/\/comdep.com.br\/index.php?rest_route=\/wp\/v2\/types\/post"}],"author":[{"embeddable":true,"href":"https:\/\/comdep.com.br\/index.php?rest_route=\/wp\/v2\/users\/1"}],"replies":[{"embeddable":true,"href":"https:\/\/comdep.com.br\/index.php?rest_route=%2Fwp%2Fv2%2Fcomments&post=2916"}],"version-history":[{"count":2,"href":"https:\/\/comdep.com.br\/index.php?rest_route=\/wp\/v2\/posts\/2916\/revisions"}],"predecessor-version":[{"id":2919,"href":"https:\/\/comdep.com.br\/index.php?rest_route=\/wp\/v2\/posts\/2916\/revisions\/2919"}],"wp:featuredmedia":[{"embeddable":true,"href":"https:\/\/comdep.com.br\/index.php?rest_route=\/wp\/v2\/media\/2918"}],"wp:attachment":[{"href":"https:\/\/comdep.com.br\/index.php?rest_route=%2Fwp%2Fv2%2Fmedia&parent=2916"}],"wp:term":[{"taxonomy":"category","embeddable":true,"href":"https:\/\/comdep.com.br\/index.php?rest_route=%2Fwp%2Fv2%2Fcategories&post=2916"},{"taxonomy":"post_tag","embeddable":true,"href":"https:\/\/comdep.com.br\/index.php?rest_route=%2Fwp%2Fv2%2Ftags&post=2916"}],"curies":[{"name":"wp","href":"https:\/\/api.w.org\/{rel}","templated":true}]}}