{"id":2959,"date":"2020-03-31T11:31:18","date_gmt":"2020-03-31T14:31:18","guid":{"rendered":"http:\/\/comdep.com.br\/?p=2959"},"modified":"2020-03-31T11:50:55","modified_gmt":"2020-03-31T14:50:55","slug":"2959","status":"publish","type":"post","link":"https:\/\/comdep.com.br\/?p=2959","title":{"rendered":"COMDEP trabalhando hoje 31\/03\/2020 nos seguintes locais:"},"content":{"rendered":"<p><strong>Distrito<\/strong><\/p>\n<p><strong>Ro\u00e7ada e capina:<\/strong> continua\u00e7\u00e3o Estrada das Arcas \u00a0*<\/p>\n<p><strong>M\u00e1quina e caminh\u00f5es<\/strong>: continua\u00e7\u00e3o Castelo S\u00e3o Manoel \u00a0*<\/p>\n<p><strong>Varri\u00e7\u00e3o di\u00e1ria:<\/strong> Corr\u00eaas, Nogueiras, Araras, Itaipava, Vila Rica, Pedro do Rio *<\/p>\n<p><strong>Diretoria Operacional<\/strong><\/p>\n<p><strong>M\u00e1quinas e caminh\u00f5es:<\/strong> Raul Veiga, Taquara, Dr. S\u00e1 Earp, Jo\u00e3o \u00c9sio Caldara, Rua Tereza, Vila Felipe *<\/p>\n<p><strong>Caminh\u00e3o D 08:<\/strong> Centro Hist\u00f3rico e turmas *<\/p>\n<p><strong>Capina e ro\u00e7ada:<\/strong> Jo\u00e3o Knaip, Paulo Gomide, Travessa Augusto fragoso, D\u00e9cio Nicolai, Lu\u00eds de Cam\u00f5es, Marques do Paran\u00e1, Bar\u00e3o do Rio Branco, Afr\u00e2nio de Mello Franco, Vale dos Esquilos, Estrada Presidente Sodr\u00e9 Sim\u00e9ria, Cust\u00f3dio Ferreira *<\/p>\n<p><strong>Varri\u00e7\u00e3o<\/strong>: Bingen, Capela, Manoel Torres, Duarte da Silveira, Bairro Castrioto, Jo\u00e3o Xavier, Mosela, Pedras Brancas, Centro e Centro Hist\u00f3rico *<\/p>\n<p><strong>Varri\u00e7\u00e3o<\/strong>: feira livre do Centro *<\/p>\n<p><strong>(03) funcion\u00e1rios<\/strong> trabalhando na feira livre do Centro na retirada de res\u00edduos debaixo das bancas *<\/p>\n<p><strong>Caminh\u00e3o (C20) recolhimento de sacos da varri\u00e7\u00e3o:<\/strong> Quitandinha, Coronel Veiga, Alto da Serra, Morin, Centro, Centro Hist\u00f3rico e Bingen *<\/p>\n<p><strong>Caminh\u00e3o (C55) Pipa lavagem (Dia):<\/strong> Em frente os mercados, Quitandinha, Pontes do Fones, Alto da Serra, Quissam\u00e3 e Itamarati *<\/p>\n<p><strong>Caminh\u00e3o (C55) Pipa lavagem (noite)<\/strong>: Aureliano Coutinho, Marechal Deodoro, General Os\u00f3rio e Nelson de S\u00e1 Earp *<\/p>\n<p><strong>Parques e Jardins<\/strong><\/p>\n<p><strong>Corte de grama<\/strong>: casa da acolhida Parque Cremerie, \u00a0*<\/p>\n<p><strong>Jardim<\/strong>: rua Rio de janeiro, General Rondon \u00a0*<\/p>\n<p><strong>Caminh\u00e3o do jardim<\/strong>: recolher lixo verde Alto Independ\u00eancia \u00a0*<\/p>\n<p><strong>Kombi do jardim<\/strong>: manuten\u00e7\u00e3o *<\/p>\n<p><strong>Diretoria de Obras<\/strong><\/p>\n<p><strong>Obras<\/strong>: constru\u00e7\u00e3o de base para coletora na Rua S\u00e3o Tom\u00e1z de Aquino no Retiro, reparo de guarda corpo da ponte, em frente ao Liceu Carlos Chagas na Av. Bar\u00e3o do Rio Branco *<\/p>\n<p><strong>Pintura<\/strong>: Pra\u00e7a da Liberdade e Morin (cont.) *<\/p>\n<p><strong>Serralheria<\/strong>: confec\u00e7\u00e3o e reparo de cestas coletoras na cia *<\/p>\n<p><strong>Carpintaria<\/strong>: reinstala\u00e7\u00e3o do balan\u00e7o no parquinho do Thouzet e vistoria no Centro Hist\u00f3rico *<\/p>\n<p><strong>Capina e ro\u00e7ada<\/strong>: Pra\u00e7a da Inconfid\u00eancia, Rua Jo\u00e3o de Farias, Vila Macedo e Estrada da Cascatinha (cont.) *<\/p>\n","protected":false},"excerpt":{"rendered":"<p>Distrito Ro\u00e7ada e capina: continua\u00e7\u00e3o Estrada das Arcas \u00a0* M\u00e1quina e caminh\u00f5es: continua\u00e7\u00e3o Castelo S\u00e3o Manoel \u00a0* Varri\u00e7\u00e3o di\u00e1ria: Corr\u00eaas, Nogueiras, Araras, Itaipava, Vila Rica, Pedro do Rio * Diretoria Operacional M\u00e1quinas e caminh\u00f5es: Raul Veiga, Taquara, Dr. S\u00e1 Earp, Jo\u00e3o \u00c9sio Caldara, Rua Tereza, Vila Felipe * Caminh\u00e3o D 08: Centro Hist\u00f3rico e turmas&hellip;<\/p>\n","protected":false},"author":1,"featured_media":2964,"comment_status":"open","ping_status":"open","sticky":false,"template":"","format":"standard","meta":{"_themeisle_gutenberg_block_has_review":false,"footnotes":""},"categories":[1],"tags":[],"_links":{"self":[{"href":"https:\/\/comdep.com.br\/index.php?rest_route=\/wp\/v2\/posts\/2959"}],"collection":[{"href":"https:\/\/comdep.com.br\/index.php?rest_route=\/wp\/v2\/posts"}],"about":[{"href":"https:\/\/comdep.com.br\/index.php?rest_route=\/wp\/v2\/types\/post"}],"author":[{"embeddable":true,"href":"https:\/\/comdep.com.br\/index.php?rest_route=\/wp\/v2\/users\/1"}],"replies":[{"embeddable":true,"href":"https:\/\/comdep.com.br\/index.php?rest_route=%2Fwp%2Fv2%2Fcomments&post=2959"}],"version-history":[{"count":2,"href":"https:\/\/comdep.com.br\/index.php?rest_route=\/wp\/v2\/posts\/2959\/revisions"}],"predecessor-version":[{"id":2961,"href":"https:\/\/comdep.com.br\/index.php?rest_route=\/wp\/v2\/posts\/2959\/revisions\/2961"}],"wp:featuredmedia":[{"embeddable":true,"href":"https:\/\/comdep.com.br\/index.php?rest_route=\/wp\/v2\/media\/2964"}],"wp:attachment":[{"href":"https:\/\/comdep.com.br\/index.php?rest_route=%2Fwp%2Fv2%2Fmedia&parent=2959"}],"wp:term":[{"taxonomy":"category","embeddable":true,"href":"https:\/\/comdep.com.br\/index.php?rest_route=%2Fwp%2Fv2%2Fcategories&post=2959"},{"taxonomy":"post_tag","embeddable":true,"href":"https:\/\/comdep.com.br\/index.php?rest_route=%2Fwp%2Fv2%2Ftags&post=2959"}],"curies":[{"name":"wp","href":"https:\/\/api.w.org\/{rel}","templated":true}]}}