{"id":3015,"date":"2020-04-06T15:36:29","date_gmt":"2020-04-06T18:36:29","guid":{"rendered":"http:\/\/comdep.com.br\/?p=3015"},"modified":"2020-04-06T15:51:40","modified_gmt":"2020-04-06T18:51:40","slug":"comdep-trabalhando-hoje-06-04-2020-nos-seguintes-locais-2","status":"publish","type":"post","link":"https:\/\/comdep.com.br\/?p=3015","title":{"rendered":"COMDEP trabalhando hoje 06\/04\/2020 nos seguintes locais:"},"content":{"rendered":"<p><strong>Distrito<\/strong><\/p>\n<p><strong>Ro\u00e7ada e capina:<\/strong> Servid\u00e3o Eduardo Zeferino de Souza, Estrada Corr\u00eaa da Veiga *<\/p>\n<p><strong>M\u00e1quina e caminh\u00f5es:<\/strong> continua\u00e7\u00e3o Estrada das Arcas *<\/p>\n<p><strong>Varri\u00e7\u00e3o di\u00e1ria:<\/strong> Corr\u00eaas, Nogueiras, Araras, Itaipava, Vila Rica, Pedro do Rio, Secret\u00e1rio *<\/p>\n<p><strong>Diretoria Operacional<\/strong><\/p>\n<p><strong>Limpeza de rio:<\/strong> Coronel Veiga *<\/p>\n<p><strong>Capina<\/strong>: Rua Frei Rog\u00e9rio, Av. Koeller, Av. Piabanha, Rua Professor Pl\u00ednio Leite, Bar\u00e3o do Rio Branco, Rua Modesto Guimar\u00e3es, Rua Duque de Caxias, Travessa Corr\u00eaa Lima, Rua Vit\u00f3rio Pereira Nunes, Travessa Fragoso, Rua Infante Dom Henrique, Vila Cristina, Rua Paulino Afonso, Rua Joaquim Silva Noel, Rua Felipe Camar\u00e3o, Rua Napole\u00e3o Esteves, Rua Vital Brasil &nbsp;*<\/p>\n<p><strong>Ro\u00e7ada<\/strong>: Bar\u00e3o do Rio Branco, Rua Henrique Rafard, Estrada da Fazenda Inglesa *<\/p>\n<p><strong>M\u00e1quinas e Caminh\u00f5es:<\/strong> Rua Felipe Camar\u00e3o, Bar\u00e3o do Rio Branco, At\u00edlio Maroti, S\u00e3o Sebasti\u00e3o, Vital Brasil, rua \u00c1lvaro Machado, Olga Castrioto, Capit\u00e3o Paladino &nbsp;*<\/p>\n<p><strong>Caminh\u00e3o D 08:<\/strong> Ayrton Senna, Quitandinha, Coronel Veiga, Centro Hist\u00f3rico, e turmas *<\/p>\n<p><strong>Caminh\u00e3o Poli Guindaste<\/strong>: Independ\u00eancia, Rua Manoel Francisco de Paula *<\/p>\n<p><strong>Varri\u00e7\u00e3o:<\/strong> Get\u00falio Vargas, General Rondon, Ponte Fone, Sim\u00e9ria, S\u00e3o Sebasti\u00e3o, Olavo Bilac, Castelanea, Centro Hist\u00f3rico *<\/p>\n<p><strong>Caminh\u00e3o C 20:<\/strong> Recolhimento dos sacos da varri\u00e7\u00e3o Quitandinha, Cel. Veiga, Pra\u00e7a Pasteur, Alto da Serra, Morin, Centro hist\u00f3rico, Cascatinha, Bingen *<\/p>\n<p><strong>Caminh\u00e3o C 55 Pipa:<\/strong> Quitandinha, Alto da Serra, Centro Hist\u00f3rico *<\/p>\n<p><strong>Parques e Jardins<\/strong><\/p>\n<p><strong>Corte de grama<\/strong>: Avenida Koeller *<\/p>\n<p><strong>Jardim<\/strong>: pra\u00e7a Conde D\u2019Eu e Ch\u00e1cara Flora *<\/p>\n<p><strong>Caminh\u00e3o do jardim<\/strong>: manuten\u00e7\u00e3o *<\/p>\n<p><strong>Kombi do jardim<\/strong>: manuten\u00e7\u00e3o *<\/p>\n<p><strong>Diretoria de Obras<\/strong><\/p>\n<p><strong>Instala\u00e7\u00e3o<\/strong> de coletora de 2 metros e tela protetora na Comunidade do Neylor, troca de coletora de 3 mts na Rua E, Sargento Boening, constru\u00e7\u00e3o de baia na Rua Alberto Martins no Floresta e retirada de coletora na Rua Rio de Janeiro *<\/p>\n<p><strong>Pintura<\/strong>: pra\u00e7as do Bosque do Imperador e Duque de Caxias e alambrado Na Rua Veridiano F\u00e9lix dos Santos na Estrada da Saudade *<\/p>\n<p><strong>Carpintaria<\/strong>: confec\u00e7\u00e3o de brinquedos no galp\u00e3o da Cel. Veiga *<\/p>\n<p><strong>Serralheria<\/strong>: confec\u00e7\u00e3o e reforma de cestas coletoras na cia *<\/p>\n<p><strong>Capina e ro\u00e7ada<\/strong>: Rua Edson Carlos de Souza, Alto Alcobacinha, Travessa Jo\u00e3o Dias Carneiro, Rua Bernardo de Vasconcelos, em Cascatinha. Centro: Pra\u00e7a da Inconfid\u00eancia e Rua Mal. Floriano Peixoto *<\/p>\n","protected":false},"excerpt":{"rendered":"<p>Distrito Ro\u00e7ada e capina: Servid\u00e3o Eduardo Zeferino de Souza, Estrada Corr\u00eaa da Veiga * M\u00e1quina e caminh\u00f5es: continua\u00e7\u00e3o Estrada das Arcas * Varri\u00e7\u00e3o di\u00e1ria: Corr\u00eaas, Nogueiras, Araras, Itaipava, Vila Rica, Pedro do Rio, Secret\u00e1rio * Diretoria Operacional Limpeza de rio: Coronel Veiga * Capina: Rua Frei Rog\u00e9rio, Av. Koeller, Av. Piabanha, Rua Professor Pl\u00ednio Leite,&hellip;<\/p>\n","protected":false},"author":1,"featured_media":3018,"comment_status":"open","ping_status":"open","sticky":false,"template":"","format":"standard","meta":{"_themeisle_gutenberg_block_has_review":false,"footnotes":""},"categories":[1],"tags":[],"_links":{"self":[{"href":"https:\/\/comdep.com.br\/index.php?rest_route=\/wp\/v2\/posts\/3015"}],"collection":[{"href":"https:\/\/comdep.com.br\/index.php?rest_route=\/wp\/v2\/posts"}],"about":[{"href":"https:\/\/comdep.com.br\/index.php?rest_route=\/wp\/v2\/types\/post"}],"author":[{"embeddable":true,"href":"https:\/\/comdep.com.br\/index.php?rest_route=\/wp\/v2\/users\/1"}],"replies":[{"embeddable":true,"href":"https:\/\/comdep.com.br\/index.php?rest_route=%2Fwp%2Fv2%2Fcomments&post=3015"}],"version-history":[{"count":4,"href":"https:\/\/comdep.com.br\/index.php?rest_route=\/wp\/v2\/posts\/3015\/revisions"}],"predecessor-version":[{"id":3021,"href":"https:\/\/comdep.com.br\/index.php?rest_route=\/wp\/v2\/posts\/3015\/revisions\/3021"}],"wp:featuredmedia":[{"embeddable":true,"href":"https:\/\/comdep.com.br\/index.php?rest_route=\/wp\/v2\/media\/3018"}],"wp:attachment":[{"href":"https:\/\/comdep.com.br\/index.php?rest_route=%2Fwp%2Fv2%2Fmedia&parent=3015"}],"wp:term":[{"taxonomy":"category","embeddable":true,"href":"https:\/\/comdep.com.br\/index.php?rest_route=%2Fwp%2Fv2%2Fcategories&post=3015"},{"taxonomy":"post_tag","embeddable":true,"href":"https:\/\/comdep.com.br\/index.php?rest_route=%2Fwp%2Fv2%2Ftags&post=3015"}],"curies":[{"name":"wp","href":"https:\/\/api.w.org\/{rel}","templated":true}]}}