{"id":3022,"date":"2020-04-07T11:22:51","date_gmt":"2020-04-07T14:22:51","guid":{"rendered":"http:\/\/comdep.com.br\/?p=3022"},"modified":"2020-04-07T11:45:47","modified_gmt":"2020-04-07T14:45:47","slug":"comdep-trabalhando-hoje-07-04-2020-nos-seguintes-locais","status":"publish","type":"post","link":"https:\/\/comdep.com.br\/?p=3022","title":{"rendered":"COMDEP trabalhando hoje 07\/04\/2020 nos seguintes locais:"},"content":{"rendered":"<p><strong>Distrito<\/strong><\/p>\n<p><strong>Ro\u00e7ada e capina:<\/strong> continua\u00e7\u00e3o Estrada Corr\u00eaa da Veiga, Neusa Goulart Brizola *<\/p>\n<p><strong>M\u00e1quina e caminh\u00f5es:<\/strong> continua\u00e7\u00e3o Estrada das Arcas, devolu\u00e7\u00e3o de Arm\u00e1rios na Coronel Veiga *<\/p>\n<p><strong>Varri\u00e7\u00e3o di\u00e1ria:<\/strong> Corr\u00eaas, Nogueiras, Araras, Itaipava, Vila Rica, Pedro do Rio, Secret\u00e1rio *<\/p>\n<p><strong>Diretoria Operacional<\/strong><\/p>\n<p><strong>Limpeza de rio:<\/strong> Coronel Veiga &nbsp;*<\/p>\n<p><strong>Capina<\/strong>: Rua Frei Rog\u00e9rio, Pra\u00e7a Princesa Isabel, Piabanha, Rua Francisco Manoel, Dr. Thouzet, Rua Gaspar Gon\u00e7alves, Bar\u00e3o do Rio Branco, Vila Manzini, Rua Duque de Caxias, Rua Rockefeller, Rua Vit\u00f3rio Pereira Nunes &nbsp;*<\/p>\n<p><strong>Ro\u00e7ada<\/strong>: Contorno, Henrique Rafard &nbsp;*<\/p>\n<p><strong>M\u00e1quinas e Caminh\u00f5es:<\/strong> Olavo Bilac, Crist\u00f3v\u00e3o Colombo, Albino Siqueira, Dr. S\u00e1 Earp, Souza Franco, Casemiro de Abreu, Caxamb\u00fa, Rua Paulista, Saldanha Marinho, S\u00e3o Sebasti\u00e3o, Osvaldo Cruz, Fabr\u00edcio de Matos &nbsp;*<\/p>\n<p><strong>Caminh\u00e3o D 08:<\/strong> Airton Senna, Quitandinha, Coronel Veiga, Washington Luiz, Centro Hist\u00f3rico, e turmas &nbsp;*<\/p>\n<p><strong>Pipa noite:<\/strong> Joaquim Moreira, Epit\u00e1cio Pessoa, Bar\u00e3o de Tef\u00e9, Nelson S\u00e1 Earp, Pra\u00e7a da Liberdade&#8230; *<\/p>\n<p><strong>Varri\u00e7\u00e3o<\/strong>: Get\u00falio Vargas, General Rondon, Ponte Fone, Sim\u00e9ria, S\u00e3o Sebasti\u00e3o, Olavo Bilac, Castelanea, Centro Hist\u00f3rico *<\/p>\n<p><strong>Caminh\u00e3o C 20:<\/strong> Recolhimento dos sacos da varri\u00e7\u00e3o&nbsp; Quitandinha, Cel. Veiga, Pra\u00e7a Pasteur, Alto da Serra, Morin, Centro hist\u00f3rico, Cascatinha, Bingen&#8230; *<\/p>\n<p><strong>Caminh\u00e3o C 55 Pipa:<\/strong> Aureliano Coutinho, General Os\u00f3rio, Marechal Deodoro, Rua Tereza *<\/p>\n<p><strong>Parques e Jardins<\/strong><\/p>\n<p><strong>Corte de grama<\/strong>: Pra\u00e7a de Nogueira, Avenida Koeller &nbsp;*<\/p>\n<p><strong>Jardim<\/strong>: Pra\u00e7a Conde D\u2019Eu e Rua Cristov\u00e3o Colombo &nbsp;*<\/p>\n<p><strong>Caminh\u00e3o do jardim<\/strong>: transporte de ferramentas e recolher lixo verde Centro Hist\u00f3rico &nbsp;*<\/p>\n<p><strong>Kombi do jardim:<\/strong> manuten\u00e7\u00e3o *<\/p>\n<p><strong>Diretoria de Obras<\/strong><\/p>\n<p><strong>Obras<\/strong>: instala\u00e7\u00e3o de coletora 3mts bairro Sargento Boening (Rua E) reparo em base de coletora ponto final do 428 (bairro Quitandinha). Casinhas e continua\u00e7\u00e3o de constru\u00e7\u00e3o de baia no bairro Floresta *<\/p>\n<p><strong>Carpintaria<\/strong>: reparo em brinquedos no Caminho do Ouro (Lopes Trov\u00e3o) Ch\u00e1cara Flora, Alto da Serra e constru\u00e7\u00e3o de brinquedos no setor *<\/p>\n<p><strong>Capina ro\u00e7ada e limpeza de canaletas:<\/strong> Rua \u00c9dson Carlos de Souza (Alto Alcobacinha) continua\u00e7\u00e3o *<\/p>\n<p><strong>Capina, ro\u00e7ada e limpeza de canaletas<\/strong>: rua Estrada de Cascatinha (Volta da Curuba) continua\u00e7\u00e3o *<\/p>\n<p><strong>Capina e limpeza de ralos<\/strong>: Rua Souza Franco (continua\u00e7\u00e3o Conservas Centro) *<\/p>\n<p><strong>Pintura<\/strong>: continua\u00e7\u00e3o pintura de bancos pra\u00e7a liberdade e in\u00edcio de limpeza para posterior pintura Pra\u00e7a Duque de Caxias (Skate) *<\/p>\n<p><strong>E pintura<\/strong> de prote\u00e7\u00e3o em alambrado na Rua Veridiano F\u00e9lix para posterior telamento. *<\/p>\n<p><strong>Serralheria<\/strong>: confec\u00e7\u00e3o e reforma de coletoras na cia &nbsp;*<\/p>\n","protected":false},"excerpt":{"rendered":"<p>Distrito Ro\u00e7ada e capina: continua\u00e7\u00e3o Estrada Corr\u00eaa da Veiga, Neusa Goulart Brizola * M\u00e1quina e caminh\u00f5es: continua\u00e7\u00e3o Estrada das Arcas, devolu\u00e7\u00e3o de Arm\u00e1rios na Coronel Veiga * Varri\u00e7\u00e3o di\u00e1ria: Corr\u00eaas, Nogueiras, Araras, Itaipava, Vila Rica, Pedro do Rio, Secret\u00e1rio * Diretoria Operacional Limpeza de rio: Coronel Veiga &nbsp;* Capina: Rua Frei Rog\u00e9rio, Pra\u00e7a Princesa Isabel,&hellip;<\/p>\n","protected":false},"author":1,"featured_media":3025,"comment_status":"open","ping_status":"open","sticky":false,"template":"","format":"standard","meta":{"_themeisle_gutenberg_block_has_review":false,"footnotes":""},"categories":[1],"tags":[],"_links":{"self":[{"href":"https:\/\/comdep.com.br\/index.php?rest_route=\/wp\/v2\/posts\/3022"}],"collection":[{"href":"https:\/\/comdep.com.br\/index.php?rest_route=\/wp\/v2\/posts"}],"about":[{"href":"https:\/\/comdep.com.br\/index.php?rest_route=\/wp\/v2\/types\/post"}],"author":[{"embeddable":true,"href":"https:\/\/comdep.com.br\/index.php?rest_route=\/wp\/v2\/users\/1"}],"replies":[{"embeddable":true,"href":"https:\/\/comdep.com.br\/index.php?rest_route=%2Fwp%2Fv2%2Fcomments&post=3022"}],"version-history":[{"count":3,"href":"https:\/\/comdep.com.br\/index.php?rest_route=\/wp\/v2\/posts\/3022\/revisions"}],"predecessor-version":[{"id":3026,"href":"https:\/\/comdep.com.br\/index.php?rest_route=\/wp\/v2\/posts\/3022\/revisions\/3026"}],"wp:featuredmedia":[{"embeddable":true,"href":"https:\/\/comdep.com.br\/index.php?rest_route=\/wp\/v2\/media\/3025"}],"wp:attachment":[{"href":"https:\/\/comdep.com.br\/index.php?rest_route=%2Fwp%2Fv2%2Fmedia&parent=3022"}],"wp:term":[{"taxonomy":"category","embeddable":true,"href":"https:\/\/comdep.com.br\/index.php?rest_route=%2Fwp%2Fv2%2Fcategories&post=3022"},{"taxonomy":"post_tag","embeddable":true,"href":"https:\/\/comdep.com.br\/index.php?rest_route=%2Fwp%2Fv2%2Ftags&post=3022"}],"curies":[{"name":"wp","href":"https:\/\/api.w.org\/{rel}","templated":true}]}}