{"id":3086,"date":"2020-04-15T10:48:20","date_gmt":"2020-04-15T13:48:20","guid":{"rendered":"http:\/\/comdep.com.br\/?p=3086"},"modified":"2020-04-15T12:00:12","modified_gmt":"2020-04-15T15:00:12","slug":"comdep-trabalhando-hoje-15-04-2020-nos-seguintes-locais","status":"publish","type":"post","link":"https:\/\/comdep.com.br\/?p=3086","title":{"rendered":"COMDEP trabalhando hoje 15\/04\/2020 nos seguintes locais:"},"content":{"rendered":"<p><strong>Distrito \u00a0<\/strong><\/p>\n<p><strong>Ro\u00e7ada e capina<\/strong>: continua\u00e7\u00e3o Estrada Ministro Salgado Filho Cuiab\u00e1 \u00a0*<\/p>\n<p><strong>M\u00e1quina e caminh\u00f5es<\/strong>: continua\u00e7\u00e3o Uni\u00e3o Ind\u00fastria, Rua Jer\u00f4nimo Ferreira Alves, Candimbas \u00a0*<\/p>\n<p><strong>Varri\u00e7\u00e3o di\u00e1ria:<\/strong> Corr\u00eaas, Nogueiras, Araras, Itaipava, Vila Rica, Pedro do Rio, Secret\u00e1rio *<\/p>\n<p><strong>Diretoria Operacional<\/strong><\/p>\n<p><strong>Limpeza de rio<\/strong>: Coronel Veiga \u00a0*<\/p>\n<p><strong>Capina<\/strong>: Rua Dom Pedro, Catedral, rua Ipiranga, Av. Piabanha, Duchas, Chapa 4, Rua Max Manoel Molter, Comunidade do Frias, Estrada da Saudade, Rua It\u00e1lia, Rua Paulo Lobo de Morais, Rua Demerval de Miranda, Rua Hor\u00e1cio Magalh\u00e3es, Rua Afr\u00e2nio de Melo Franco, Rua Manoel Borges de Freitas, Rua Vidal de Negreiros, Rua Fernandes Vieira, Rua Lucerne, Rua V\u00edtor Levy \u00a0*<\/p>\n<p><strong>Ro\u00e7ada<\/strong>: Rua Paulo Herv\u00ea, Rua It\u00e1lia, Estrada da Fazenda Inglesa \u00a0*<\/p>\n<p><strong>M\u00e1quinas e Caminh\u00f5es<\/strong>: S\u00e3o Sebasti\u00e3o, Pra\u00e7a Catulo, Rua Alinthor Werneck, Dpo (Lopes Trov\u00e3o), Osvero do Carmo Vila\u00e7a, Otto Reymarus, Ferrovi\u00e1rios, Vila Felipe, Ch\u00e1cara Flora \u00a0*<\/p>\n<p><strong>Caminh\u00e3o Poli Guindaste<\/strong>: \u00a0Independ\u00eancia, Rua Manoel Francisco de Paula, apoio ao Jardim \u00a0*<\/p>\n<p><strong>Caminh\u00e3o D 08<\/strong>: General Rondon, Quitandinha, Airton Senna, Coronel Veiga, Washington Luiz, Centro Hist\u00f3rico e Turmas *<\/p>\n<p><strong>Varri\u00e7\u00e3o<\/strong>: Get\u00falio Vargas, General Rondon, Ponte Fone, Sim\u00e9ria, S\u00e3o Sebasti\u00e3o, Olavo Bilac, Castelanea, Centro Hist\u00f3rico *<\/p>\n<p><strong>Caminh\u00e3o C 20:<\/strong> Recolhimento dos sacos da varri\u00e7\u00e3o: Quitandinha, Cel. Veiga, Pra\u00e7a Pasteur, Alto da Serra, Morin, Centro hist\u00f3rico, Cascatinha, Bingen \u00a0*<\/p>\n<p><strong>Caminh\u00e3o C 55 Pipa<\/strong>: Araras e Secret\u00e1rio *<\/p>\n<p><strong>Parques e Jardins<\/strong><\/p>\n<p><strong>Corte de grama<\/strong>: casa Bar\u00e3o de Mau\u00e1 Morin Greg\u00f3rio Cruzick *<\/p>\n<p><strong>Jardim<\/strong>: Lagoinha *<\/p>\n<p><strong>Caminh\u00e3o do jardim<\/strong>: manuten\u00e7\u00e3o Kombi do jardim manuten\u00e7\u00e3o *<\/p>\n<p><strong>Diretoria de Obras<\/strong><\/p>\n<p><strong>Obras<\/strong>: conserto de coletora na rua Cear\u00e1, no Quitandinha, vistoria em muro na rua nova na 24 de Maio, instala\u00e7\u00e3o de cesta coletora na Rua Otto Reymarus, no Alto da Serra, conserto de cesta coletora na Rua Elisa Mussel no Caxamb\u00fa *<\/p>\n<p><strong>Serralheria<\/strong>: reforma e confec\u00e7\u00e3o de cestas coletoras na cia. e instala\u00e7\u00e3o de tela em alambrado na Rua Veridiano F\u00e9lix dos Santos (cont.) *<\/p>\n<p><strong>Carpintaria<\/strong>: manuten\u00e7\u00e3o no parquinho no Bataillard e manuten\u00e7\u00e3o de lixeiras de poste nas Ruas Teresa e Aureliano Coutinho *<\/p>\n<p><strong>Pintura<\/strong>: tratamento das colunas de eucalipto, da futura quadra dos Duques (aplica\u00e7\u00e3o de carbol\u00e1stico), e Pra\u00e7a Duque de Caxias *<\/p>\n<p><strong>Capina e ro\u00e7ada<\/strong>: Rua Souza Franco (sentido Centro) e Rua Henrique Paix\u00e3o, no Floresta *<\/p>\n","protected":false},"excerpt":{"rendered":"<p>Distrito \u00a0 Ro\u00e7ada e capina: continua\u00e7\u00e3o Estrada Ministro Salgado Filho Cuiab\u00e1 \u00a0* M\u00e1quina e caminh\u00f5es: continua\u00e7\u00e3o Uni\u00e3o Ind\u00fastria, Rua Jer\u00f4nimo Ferreira Alves, Candimbas \u00a0* Varri\u00e7\u00e3o di\u00e1ria: Corr\u00eaas, Nogueiras, Araras, Itaipava, Vila Rica, Pedro do Rio, Secret\u00e1rio * Diretoria Operacional Limpeza de rio: Coronel Veiga \u00a0* Capina: Rua Dom Pedro, Catedral, rua Ipiranga, Av. Piabanha, Duchas,&hellip;<\/p>\n","protected":false},"author":1,"featured_media":3088,"comment_status":"open","ping_status":"open","sticky":false,"template":"","format":"standard","meta":{"_themeisle_gutenberg_block_has_review":false,"footnotes":""},"categories":[1],"tags":[],"_links":{"self":[{"href":"https:\/\/comdep.com.br\/index.php?rest_route=\/wp\/v2\/posts\/3086"}],"collection":[{"href":"https:\/\/comdep.com.br\/index.php?rest_route=\/wp\/v2\/posts"}],"about":[{"href":"https:\/\/comdep.com.br\/index.php?rest_route=\/wp\/v2\/types\/post"}],"author":[{"embeddable":true,"href":"https:\/\/comdep.com.br\/index.php?rest_route=\/wp\/v2\/users\/1"}],"replies":[{"embeddable":true,"href":"https:\/\/comdep.com.br\/index.php?rest_route=%2Fwp%2Fv2%2Fcomments&post=3086"}],"version-history":[{"count":1,"href":"https:\/\/comdep.com.br\/index.php?rest_route=\/wp\/v2\/posts\/3086\/revisions"}],"predecessor-version":[{"id":3087,"href":"https:\/\/comdep.com.br\/index.php?rest_route=\/wp\/v2\/posts\/3086\/revisions\/3087"}],"wp:featuredmedia":[{"embeddable":true,"href":"https:\/\/comdep.com.br\/index.php?rest_route=\/wp\/v2\/media\/3088"}],"wp:attachment":[{"href":"https:\/\/comdep.com.br\/index.php?rest_route=%2Fwp%2Fv2%2Fmedia&parent=3086"}],"wp:term":[{"taxonomy":"category","embeddable":true,"href":"https:\/\/comdep.com.br\/index.php?rest_route=%2Fwp%2Fv2%2Fcategories&post=3086"},{"taxonomy":"post_tag","embeddable":true,"href":"https:\/\/comdep.com.br\/index.php?rest_route=%2Fwp%2Fv2%2Ftags&post=3086"}],"curies":[{"name":"wp","href":"https:\/\/api.w.org\/{rel}","templated":true}]}}