{"id":3097,"date":"2020-04-16T11:16:19","date_gmt":"2020-04-16T14:16:19","guid":{"rendered":"http:\/\/comdep.com.br\/?p=3097"},"modified":"2020-04-16T11:41:56","modified_gmt":"2020-04-16T14:41:56","slug":"comdep-trabalhando-hoje-16-04-2020-nos-seguintes-locais","status":"publish","type":"post","link":"https:\/\/comdep.com.br\/?p=3097","title":{"rendered":"COMDEP trabalhando hoje 16\/04\/2020 nos seguintes locais:"},"content":{"rendered":"<p><strong>Distrito<\/strong><\/p>\n<p><strong>Ro\u00e7ada e capina<\/strong>: continua\u00e7\u00e3o Estrada Ministro Salgado Filho Cuiab\u00e1 &nbsp;*<\/p>\n<p><strong>M\u00e1quina e caminh\u00f5es<\/strong>: Candimbas, Vale do Sossego &nbsp;*<\/p>\n<p><strong>Varri\u00e7\u00e3o di\u00e1ria<\/strong>: Corr\u00eaas, Nogueiras, Araras, Itaipava, Vila Rica, Pedro do Rio, Secret\u00e1rio *<\/p>\n<p><strong>Servi\u00e7os de M\u00e1quina<\/strong>: paralisados &nbsp;*<\/p>\n<p><strong>Caminh\u00e3o<\/strong>: recolhendo sacos e apoio limpeza em Pedro do Rio *<\/p>\n<p><strong>Diretoria Operacional<\/strong><\/p>\n<p><strong>Varri\u00e7\u00e3o<\/strong>: Get\u00falio Vargas, General Rondon, Ponte dos Fones, Sim\u00e9ria, S\u00e3o Sebasti\u00e3o, Olavo Bilac, Castelanea, Centro Hist\u00f3rico *<\/p>\n<p><strong>Caminh\u00e3o C 20<\/strong>: Recolhimento dos sacos da varri\u00e7\u00e3o Quitandinha, Cel. Veiga, Pra\u00e7a Pasteur, Alto da Serra, Morin, Centro Hist\u00f3rico, Cascatinha, Bingen &nbsp;*<\/p>\n<p><strong>Caminh\u00e3o C 55 Pipa<\/strong>: Araras *<\/p>\n<p><strong>Capina<\/strong>: Rua Dr P\u00fablio de Oliveira (Morin), Rua Dom Pedro, Catedral, Rua Fagundes Varela (Duchas), Chapa 4, Max Manoel Molter, Comunidade do Frias, Vila Ipanema, Rua It\u00e1lia, Rua Paulo Lobo de Moraes, Rua \u00c1lvaro Lopes de Castro &nbsp;*<\/p>\n<p><strong>Ro\u00e7ada<\/strong>: Bingen, Rua Cardoso Fontes, Saldanha Marinho &nbsp;*<\/p>\n<p><strong>M\u00e1quinas e Caminh\u00f5es<\/strong>: Ferrovi\u00e1rios, Otto Reymarus, Osvero do Carmo Vila\u00e7a, Vila Felipe Ch\u00e1cara Flora &nbsp;*<\/p>\n<p><strong>Caminh\u00e3o Poli Guindaste<\/strong>: Independ\u00eancia, Rua Manoel Francisco de Paula, Morim &nbsp;*<\/p>\n<p><strong>Caminh\u00e3o D 08<\/strong>: General Rondon, Quitandinha, Coronel Veiga, Washington Luiz, Centro Hist\u00f3rico, Valpara\u00edso, Bar\u00e3o do Rio Branco, Uni\u00e3o Ind\u00fastria, Piabanha Bingen e Turmas *<\/p>\n<p><strong>Parques e Jardins<\/strong><\/p>\n<p><strong>Corte de grama<\/strong>: terminal de Corr\u00eaas e rua Vig\u00e1rio Correia *<\/p>\n<p><strong>Jardim<\/strong>: terminal de Corr\u00eaas &nbsp;*<\/p>\n<p><strong>Caminh\u00e3o do jardim<\/strong>: manuten\u00e7\u00e3o &nbsp;*<\/p>\n<p><strong>Kombi do jardim<\/strong>: manuten\u00e7\u00e3o *<\/p>\n<p><strong>Diretoria de Obras<\/strong><\/p>\n<p><strong>Instala\u00e7\u00e3o<\/strong> de duas coletoras na Rua Elisa Mussel no Caxamb\u00fa e in\u00edcio da obra na regional de Itaipava *<\/p>\n<p><strong>Pintura<\/strong>: Pra\u00e7a Duque de Caxias (cont.) Parquinho do Bataillard e aplica\u00e7\u00e3o de carbol\u00e1stico nas bases de eucalipto, nos Duques *<\/p>\n<p><strong>Serralheria<\/strong>: espa\u00e7o esportivo no Bela Vista e confec\u00e7\u00e3o e reforma de cestas coletoras na cia *<\/p>\n<p><strong>Carpintaria<\/strong>: vistoria de lixeiras e bancos no Centro Hist\u00f3rico e confec\u00e7\u00e3o de brinquedos de parquinho no galp\u00e3o da Cel. Veiga *<\/p>\n<p><strong>Capina e ro\u00e7ada<\/strong>: Rua Henrique Paix\u00e3o no Bairro Esperan\u00e7a, Rua C\u00e2ndido Borsato no Boa Vista, Rua Souza Franco, Rua Santos Dumont e Pra\u00e7a Duque de Caxias (entorno), no Centro *<\/p>\n","protected":false},"excerpt":{"rendered":"<p>Distrito Ro\u00e7ada e capina: continua\u00e7\u00e3o Estrada Ministro Salgado Filho Cuiab\u00e1 &nbsp;* M\u00e1quina e caminh\u00f5es: Candimbas, Vale do Sossego &nbsp;* Varri\u00e7\u00e3o di\u00e1ria: Corr\u00eaas, Nogueiras, Araras, Itaipava, Vila Rica, Pedro do Rio, Secret\u00e1rio * Servi\u00e7os de M\u00e1quina: paralisados &nbsp;* Caminh\u00e3o: recolhendo sacos e apoio limpeza em Pedro do Rio * Diretoria Operacional Varri\u00e7\u00e3o: Get\u00falio Vargas, General Rondon,&hellip;<\/p>\n","protected":false},"author":1,"featured_media":3099,"comment_status":"open","ping_status":"open","sticky":false,"template":"","format":"standard","meta":{"_themeisle_gutenberg_block_has_review":false,"footnotes":""},"categories":[1],"tags":[],"_links":{"self":[{"href":"https:\/\/comdep.com.br\/index.php?rest_route=\/wp\/v2\/posts\/3097"}],"collection":[{"href":"https:\/\/comdep.com.br\/index.php?rest_route=\/wp\/v2\/posts"}],"about":[{"href":"https:\/\/comdep.com.br\/index.php?rest_route=\/wp\/v2\/types\/post"}],"author":[{"embeddable":true,"href":"https:\/\/comdep.com.br\/index.php?rest_route=\/wp\/v2\/users\/1"}],"replies":[{"embeddable":true,"href":"https:\/\/comdep.com.br\/index.php?rest_route=%2Fwp%2Fv2%2Fcomments&post=3097"}],"version-history":[{"count":2,"href":"https:\/\/comdep.com.br\/index.php?rest_route=\/wp\/v2\/posts\/3097\/revisions"}],"predecessor-version":[{"id":3101,"href":"https:\/\/comdep.com.br\/index.php?rest_route=\/wp\/v2\/posts\/3097\/revisions\/3101"}],"wp:featuredmedia":[{"embeddable":true,"href":"https:\/\/comdep.com.br\/index.php?rest_route=\/wp\/v2\/media\/3099"}],"wp:attachment":[{"href":"https:\/\/comdep.com.br\/index.php?rest_route=%2Fwp%2Fv2%2Fmedia&parent=3097"}],"wp:term":[{"taxonomy":"category","embeddable":true,"href":"https:\/\/comdep.com.br\/index.php?rest_route=%2Fwp%2Fv2%2Fcategories&post=3097"},{"taxonomy":"post_tag","embeddable":true,"href":"https:\/\/comdep.com.br\/index.php?rest_route=%2Fwp%2Fv2%2Ftags&post=3097"}],"curies":[{"name":"wp","href":"https:\/\/api.w.org\/{rel}","templated":true}]}}