{"id":3156,"date":"2020-04-21T13:49:53","date_gmt":"2020-04-21T16:49:53","guid":{"rendered":"http:\/\/comdep.com.br\/?p=3156"},"modified":"2020-04-21T13:58:59","modified_gmt":"2020-04-21T16:58:59","slug":"comdep-trabalhando-hoje-21-04-2020-nos-seguintes-locais","status":"publish","type":"post","link":"https:\/\/comdep.com.br\/?p=3156","title":{"rendered":"COMDEP trabalhando hoje 21\/04\/2020 nos seguintes locais:"},"content":{"rendered":"<p><strong>Diretoria de Limpeza Urbana<\/strong><\/p>\n<p><strong>Varri\u00e7\u00e3o (das 07:00 at\u00e9 11:00) turma da manh\u00e3<\/strong>: Centro, Centro Hist\u00f3rico, Rua Teresa, Mosela, Bingen, Bar\u00e3o do Rio Branco, Cascatinha, Itamarati, Quissam\u00e3, Alto da Serra, Pra\u00e7a Pasteur e Quitandinha *<\/p>\n<p><strong>Caminh\u00e3o (20) recolhimento de sacos da varri\u00e7\u00e3<\/strong>o: Quitandinha, Coronel Veiga, Centro, Centro Hist\u00f3rico e Bingen *<\/p>\n<p><strong>Varri\u00e7\u00e3o<\/strong>: na feira livre do Centro,\u00a0 Cascatinha , Itamarati e Quissam\u00e3,\u00a0 Centro da cidade e adjac\u00eancias ( turma da manh\u00e3), Mosela, Centro hist\u00f3rico e pra\u00e7a da liberdade, Valpara\u00edso e adjac\u00eancias *<\/p>\n<p><strong>(02) funcion\u00e1rios<\/strong> trabalhando na feira livre do Centro na retirada de res\u00edduos debaixo das bancas *<\/p>\n<p><strong>Varri\u00e7\u00e3o<\/strong> (d\u00e1s 14:00 at\u00e9 18:00) turma da tarde: Centro, Centro Hist\u00f3rico e Rua Teresa *<\/p>\n<p><strong>Pipa lavagem:<\/strong> Corr\u00eaas (dia), Nogueira (dia), 16 de mar\u00e7o, Alencar Lima e Nelson de S\u00e1 Earp (Noite) *<\/p>\n","protected":false},"excerpt":{"rendered":"<p>Diretoria de Limpeza Urbana Varri\u00e7\u00e3o (das 07:00 at\u00e9 11:00) turma da manh\u00e3: Centro, Centro Hist\u00f3rico, Rua Teresa, Mosela, Bingen, Bar\u00e3o do Rio Branco, Cascatinha, Itamarati, Quissam\u00e3, Alto da Serra, Pra\u00e7a Pasteur e Quitandinha * Caminh\u00e3o (20) recolhimento de sacos da varri\u00e7\u00e3o: Quitandinha, Coronel Veiga, Centro, Centro Hist\u00f3rico e Bingen * Varri\u00e7\u00e3o: na feira livre do&hellip;<\/p>\n","protected":false},"author":1,"featured_media":3160,"comment_status":"open","ping_status":"open","sticky":false,"template":"","format":"standard","meta":{"_themeisle_gutenberg_block_has_review":false,"footnotes":""},"categories":[1],"tags":[],"_links":{"self":[{"href":"https:\/\/comdep.com.br\/index.php?rest_route=\/wp\/v2\/posts\/3156"}],"collection":[{"href":"https:\/\/comdep.com.br\/index.php?rest_route=\/wp\/v2\/posts"}],"about":[{"href":"https:\/\/comdep.com.br\/index.php?rest_route=\/wp\/v2\/types\/post"}],"author":[{"embeddable":true,"href":"https:\/\/comdep.com.br\/index.php?rest_route=\/wp\/v2\/users\/1"}],"replies":[{"embeddable":true,"href":"https:\/\/comdep.com.br\/index.php?rest_route=%2Fwp%2Fv2%2Fcomments&post=3156"}],"version-history":[{"count":2,"href":"https:\/\/comdep.com.br\/index.php?rest_route=\/wp\/v2\/posts\/3156\/revisions"}],"predecessor-version":[{"id":3159,"href":"https:\/\/comdep.com.br\/index.php?rest_route=\/wp\/v2\/posts\/3156\/revisions\/3159"}],"wp:featuredmedia":[{"embeddable":true,"href":"https:\/\/comdep.com.br\/index.php?rest_route=\/wp\/v2\/media\/3160"}],"wp:attachment":[{"href":"https:\/\/comdep.com.br\/index.php?rest_route=%2Fwp%2Fv2%2Fmedia&parent=3156"}],"wp:term":[{"taxonomy":"category","embeddable":true,"href":"https:\/\/comdep.com.br\/index.php?rest_route=%2Fwp%2Fv2%2Fcategories&post=3156"},{"taxonomy":"post_tag","embeddable":true,"href":"https:\/\/comdep.com.br\/index.php?rest_route=%2Fwp%2Fv2%2Ftags&post=3156"}],"curies":[{"name":"wp","href":"https:\/\/api.w.org\/{rel}","templated":true}]}}