{"id":3272,"date":"2020-05-05T12:20:48","date_gmt":"2020-05-05T15:20:48","guid":{"rendered":"http:\/\/comdep.com.br\/?p=3272"},"modified":"2020-05-05T12:26:01","modified_gmt":"2020-05-05T15:26:01","slug":"comdep-trabalhando-hoje-05-05-2020-nos-seguintes-locais","status":"publish","type":"post","link":"https:\/\/comdep.com.br\/?p=3272","title":{"rendered":"COMDEP trabalhando hoje 05\/05\/2020 nos seguintes locais:"},"content":{"rendered":"<p><strong>Distrito<\/strong><\/p>\n<p><strong>Ro\u00e7ada e capina:<\/strong> continua\u00e7\u00e3o Estrada do Catubira *<\/p>\n<p><strong>M\u00e1quina e caminh\u00e3o:<\/strong> Estrada do Caetitu *<\/p>\n<p><strong>Varri\u00e7\u00e3o di\u00e1ria:<\/strong> Corr\u00eaas, Nogueiras, Araras, Itaipava, Vila Rica, Pedro do Rio, Secret\u00e1rio *<\/p>\n<p><strong>Diretoria Operacional<br \/>\n<\/strong><\/p>\n<p><strong>Limpeza de rio:<\/strong> Rua Raul Veiga &nbsp;*<\/p>\n<p><strong>Capina<\/strong>: Rua General Rondon, Av. Ipiranga, Lopes Trov\u00e3o (Patronato), Rua Par\u00e1, Rua Frei Cir\u00edaco, Rua Saldanha Marinho, Rua Paula Buarque, Rua Carolina Justen, Rua Gon\u00e7alves Dias, Rua Guilherme Noel, Bingen, Rua Casemiro de Abreu, Rep\u00fablica Dominicana, Centen\u00e1rio, rua Juscelino Kubitschek, Rua S\u00e3o Paulo &nbsp;*<\/p>\n<p><strong>Ro\u00e7ada<\/strong>: Duarte da Silveira, Amo\u00eado (Carangola), rua Jos\u00e9 Almeida Amado (Caxamb\u00fa) &nbsp;*<\/p>\n<p><strong>M\u00e1quinas e Caminh\u00f5es:<\/strong> 24 de Maio, General Rondon, Rua Mato Grosso, Rua Goi\u00e1s, Rua Paran\u00e1, Rua Rio de Janeiro, Rua Campos, Amaral Peixoto, Rua Cear\u00e1 &nbsp;*<\/p>\n<p><strong>Caminh\u00e3o Poli Guindaste<\/strong>: Independ\u00eancia &nbsp;*<\/p>\n<p><strong>Caminh\u00e3o D 08:<\/strong> General Rondon, Quitandinha, Airton Senna, Coronel Veiga, Washington Luiz, Centro Hist\u00f3rico, Piabanha, Bingen, Bar\u00e3o do Rio Branco, Dr. S\u00e1 Earp, Crist\u00f3v\u00e3o Colombo, Olavo Bilac e Turmas *<\/p>\n<p><strong>Varri\u00e7\u00e3o<\/strong>: Capela, Manoel Torres, Duarte da Silveira, Bairro Castrioto, Bingen, Mosela e Pedras Brancas *<\/p>\n<p><strong>Varri\u00e7\u00e3o<\/strong>: feira livre do Centro *<\/p>\n<p><strong>(02) funcion\u00e1rios<\/strong> trabalhando na feira livre do centro na retirada de res\u00edduos debaixo das bancas *<\/p>\n<p><strong>Caminh\u00e3o (C20) recolhimento de sacos da varri\u00e7\u00e3o<\/strong>: Quitandinha, Coronel Veiga, Alto da Serra, Morin, Centro, centro hist\u00f3rico e Bingen *<\/p>\n<p><strong>Caminh\u00e3o (C55) Pipa lavagem (Dia):<\/strong> Quitandinha, Pontes do Fones, pra\u00e7a Pasteur *<\/p>\n<p><strong>Caminh\u00e3o (C55) Pipa lavagem (Noite)<\/strong>: Paulo Barbosa, Visconde de Souza Franco, Caldas Viana, pra\u00e7a da Inconfid\u00eancia e Prudente Aguiar *<\/p>\n<p><strong>Parques e Jardins<\/strong><\/p>\n<p><strong>Corte de grama:<\/strong> rua Ipiranga &nbsp;*<\/p>\n<p><strong>Jardim<\/strong>: Duarte da Silveira &nbsp;*<\/p>\n<p><strong>Caminh\u00e3o do jardim<\/strong>: recolher lixo verde Rua Afr\u00e2nio de Mello e Parque Cremerie. &nbsp;*<\/p>\n<p><strong>Kombi do jardim:<\/strong> manuten\u00e7\u00e3o *<\/p>\n<p><strong>Diretoria de Obras<\/strong><\/p>\n<p><strong>Obras e carpintaria:<\/strong> reforma de base de coletora na Rua Honduras, no Quitandinha e instala\u00e7\u00e3o da futura \u00e1rea de lazer no Duques (continua\u00e7\u00e3o) *<\/p>\n<p><strong>Pintura<\/strong>: Pra\u00e7a Oswaldo Cruz e Pra\u00e7a Paulo Carneiro (continua\u00e7\u00e3o). Equipe de pintura no parquinho do Duques *<\/p>\n<p><strong>Serralheria<\/strong>: instala\u00e7\u00e3o da futura \u00e1rea de lazer no Bela Vista (continua\u00e7\u00e3o) e confec\u00e7\u00e3o de cestas coletoras na cia *<\/p>\n<p><strong>Capina e ro\u00e7ada<\/strong>: Rua Domingos Bastos de Andrade e Rua 23 de Maio no Centro, Comunidade Santa Rita de C\u00e1ssia no Bela Vista e Travessa Luiz Mendes Rodrigues em Cascatinha (continua\u00e7\u00e3o) *<\/p>\n<p><strong>Eventos<\/strong><\/p>\n<p><strong>Limpeza<\/strong> na lona 10&#215;10 que estava montada na companhia. Manuten\u00e7\u00e3o no material e qualquer solicita\u00e7\u00e3o da presid\u00eancia *<\/p>\n","protected":false},"excerpt":{"rendered":"<p>Distrito Ro\u00e7ada e capina: continua\u00e7\u00e3o Estrada do Catubira * M\u00e1quina e caminh\u00e3o: Estrada do Caetitu * Varri\u00e7\u00e3o di\u00e1ria: Corr\u00eaas, Nogueiras, Araras, Itaipava, Vila Rica, Pedro do Rio, Secret\u00e1rio * Diretoria Operacional Limpeza de rio: Rua Raul Veiga &nbsp;* Capina: Rua General Rondon, Av. Ipiranga, Lopes Trov\u00e3o (Patronato), Rua Par\u00e1, Rua Frei Cir\u00edaco, Rua Saldanha Marinho,&hellip;<\/p>\n","protected":false},"author":1,"featured_media":3274,"comment_status":"open","ping_status":"open","sticky":false,"template":"","format":"standard","meta":{"_themeisle_gutenberg_block_has_review":false,"footnotes":""},"categories":[1],"tags":[],"_links":{"self":[{"href":"https:\/\/comdep.com.br\/index.php?rest_route=\/wp\/v2\/posts\/3272"}],"collection":[{"href":"https:\/\/comdep.com.br\/index.php?rest_route=\/wp\/v2\/posts"}],"about":[{"href":"https:\/\/comdep.com.br\/index.php?rest_route=\/wp\/v2\/types\/post"}],"author":[{"embeddable":true,"href":"https:\/\/comdep.com.br\/index.php?rest_route=\/wp\/v2\/users\/1"}],"replies":[{"embeddable":true,"href":"https:\/\/comdep.com.br\/index.php?rest_route=%2Fwp%2Fv2%2Fcomments&post=3272"}],"version-history":[{"count":2,"href":"https:\/\/comdep.com.br\/index.php?rest_route=\/wp\/v2\/posts\/3272\/revisions"}],"predecessor-version":[{"id":3275,"href":"https:\/\/comdep.com.br\/index.php?rest_route=\/wp\/v2\/posts\/3272\/revisions\/3275"}],"wp:featuredmedia":[{"embeddable":true,"href":"https:\/\/comdep.com.br\/index.php?rest_route=\/wp\/v2\/media\/3274"}],"wp:attachment":[{"href":"https:\/\/comdep.com.br\/index.php?rest_route=%2Fwp%2Fv2%2Fmedia&parent=3272"}],"wp:term":[{"taxonomy":"category","embeddable":true,"href":"https:\/\/comdep.com.br\/index.php?rest_route=%2Fwp%2Fv2%2Fcategories&post=3272"},{"taxonomy":"post_tag","embeddable":true,"href":"https:\/\/comdep.com.br\/index.php?rest_route=%2Fwp%2Fv2%2Ftags&post=3272"}],"curies":[{"name":"wp","href":"https:\/\/api.w.org\/{rel}","templated":true}]}}