{"id":3299,"date":"2020-05-08T09:41:26","date_gmt":"2020-05-08T12:41:26","guid":{"rendered":"http:\/\/comdep.com.br\/?p=3299"},"modified":"2020-05-08T15:37:34","modified_gmt":"2020-05-08T18:37:34","slug":"comdep-trabalhando-hoje-08-05-2020-nos-seguintes-locais","status":"publish","type":"post","link":"https:\/\/comdep.com.br\/?p=3299","title":{"rendered":"COMDEP trabalhando hoje 08\/05\/2020 nos seguintes locais:"},"content":{"rendered":"<p><strong>Diretoria de Obras<\/strong><\/p>\n<p><strong>Obras:<\/strong> vistoria Centro de Cultura Raul de Leoni. Reparo em balaustres Rua Washington Luiz *<\/p>\n<p><strong>Instala\u00e7\u00e3o<\/strong> de tela e placa proibitiva de descarte de entulho no bairro Estrada da Saudade (pr\u00f3ximo ao n\u00famero 1.497 *<\/p>\n<p><strong>Instala\u00e7\u00e3o<\/strong> de tela e placa proibitiva de descarte de entulho no bairro Estrada da Saudade (exatamente embaixo do Clube Saudade) *<\/p>\n<p><strong>Instala\u00e7\u00e3o<\/strong> de tela e placa proibitiva de descarte de entulho no bairro Estrada da Saudade&nbsp; (Rua Guilherme Daumas Nunes) *<\/p>\n<p><strong>Capina<\/strong>: continua\u00e7\u00e3o Bairro Nova Cascatinha, capina ro\u00e7ada e limpeza de canaletas &nbsp;*<\/p>\n<p><strong>Continua\u00e7\u00e3o de capina, ro\u00e7ada e limpeza de canaletas:<\/strong> Rua Tim\u00f3teo Caldara (Bairro Bela Vista) *<\/p>\n<p><strong>Continua\u00e7\u00e3o de capina e limpeza de ralos:<\/strong> Rua Casemiro de Abreu *(Conservas Centro ) *<\/p>\n<p><strong>Carpintaria<\/strong>: reparo em brinquedos no setor (Coronel Veiga) *<\/p>\n<p><strong>Serralheria<\/strong>: continua\u00e7\u00e3o de instala\u00e7\u00e3o de alambrados em espa\u00e7o esportivo no Bairro Bela Vista e&nbsp; confec\u00e7\u00e3o de coletoras na cia *<\/p>\n<p><strong>Pintura<\/strong>: continua\u00e7\u00e3o de pintura de pintura em espa\u00e7o de conviv\u00eancia na cia e revitaliza\u00e7\u00e3o dos espa\u00e7os de conviv\u00eancia na rua General Rondon (Quitandinha) *<\/p>\n<p><strong>Carpintaria<\/strong>: confec\u00e7\u00e3o de brinquedos no galp\u00e3o da Cel. Veiga. *<\/p>\n<p><strong>Obras<\/strong>: instala\u00e7\u00e3o e reparo de cestas coletoras em Pedro do Rio *<\/p>\n<p><strong>Pintura<\/strong>:sala de conviv\u00eancia na cia. E pintura de cestas coletoras *<\/p>\n<p><strong>Serralheria<\/strong>: confec\u00e7\u00e3o de cestas coletoras e placas denominativas na cia *<\/p>\n<p><strong>Capina e ro\u00e7ada:<\/strong> bairro Nova Cascatinha, Casemiro de Abreu no Centro e Tim\u00f3teo Caldara no Bela Vista *<\/p>\n<p><strong>Diretoria Operacional<\/strong><\/p>\n<p><strong>Limpeza de rio:<\/strong> General Rondon &nbsp;*<\/p>\n<p><strong>Capina<\/strong>: Av. Ipiranga, Coronel Veiga, Rua Acre, Rua Par\u00e1, Rua Modesto Garrido, Rua Napole\u00e3o Laureano, Rua Albino Siqueira, Rua Nair de Teff\u00e9, Rua Joaquim Ces\u00e1rio, Rua Jos\u00e9 Hammes, Rua Nova, Rua Bartolomeu Sodr\u00e9, Rua Luis Ambroisi, Rua Pedro Stunf Sobrinho (Centen\u00e1rio), Rua Amaral Peixoto &nbsp;*<\/p>\n<p><strong>Ro\u00e7ada<\/strong>: Duarte da Silveira, Rua Duque de Caxias, Amo\u00eado (Carangola), Estrada Jos\u00e9 Almeida Amado (Santa Isabel) &nbsp;*<\/p>\n<p><strong>M\u00e1quinas e Caminh\u00f5es:<\/strong> Rua S\u00e3o Paulo, Rua Acre, Rua Esp\u00edrito Santo, Rua Bahia, Comunidade do Alem\u00e3o, Vale dos Esquilos, Comunidade do Neylor &nbsp;*<\/p>\n<p><strong>Caminh\u00e3o D 08:<\/strong> General Rondon, Quitandinha, Airton Senna, Coronel Veiga, Washington Luiz, Centro Hist\u00f3rico, Piabanha, Bingen, Vila S\u00e3o Jos\u00e9 (antigo incinerador), Bar\u00e3o do Rio Branco, Dr. S\u00e1 Earp, Morim, e Turmas &nbsp;*<\/p>\n<p><strong>Distritos<\/strong><\/p>\n<p><strong>Ro\u00e7ada e capina:<\/strong> Estrada do Gentio &nbsp;*<\/p>\n<p><strong>M\u00e1quina e caminh\u00e3o:<\/strong> continua\u00e7\u00e3o Estrada do Bonfim &nbsp;*<\/p>\n<p><strong>Varri\u00e7\u00e3o di\u00e1ria:<\/strong> Corr\u00eaas, Nogueiras, Itaipava, Araras, Vila Rica, Pedro do Rio, Secret\u00e1rio *<\/p>\n<p><strong>Eventos<\/strong><\/p>\n<p><strong>Manuten\u00e7\u00e3o<\/strong> no material e qualquer solicita\u00e7\u00e3o da presid\u00eancia *<\/p>\n<p><strong>Diretoria de Limpeza Urbana<\/strong><\/p>\n<p><strong>Varri\u00e7\u00e3o:<\/strong> Retiro, Carangola, Roseiral, Cascatinha, Boa Vista, Estrada da Saudade, Bela Vista, Ponte de ferro, Bairro Esperan\u00e7a e Floresta *<\/p>\n<p><strong>Varri\u00e7\u00e3o:<\/strong> feira livre da rua Francisco Manoel *<\/p>\n<p><strong>Caminh\u00e3o (C20) recolhimento de sacos da varri\u00e7\u00e3o:<\/strong> General Rondon, Coronel Veiga, Alto da Serra, Morin, Centro, centro hist\u00f3rico, Cascatinha e Bingen *<\/p>\n<p><strong>Caminh\u00e3o (C55) Pipa lavagem (Dia):<\/strong> General Rondon, Pontes do Fones, Castel\u00e2nea e pra\u00e7a Pasteur *<\/p>\n<p><strong>Caminh\u00e3o (C55) Pipa lavagem (Noite):<\/strong> Rua Teresa e Alto da Serra *<\/p>\n<p><strong>Parques e Jardins<\/strong><\/p>\n<p><strong>Corte grama:<\/strong> Souza Franco, Doutor Nelson de S\u00e1 Earp *<\/p>\n<p><strong>Jardim<\/strong>: Secretario *<\/p>\n<p><strong>Caminh\u00e3o do jardim:<\/strong> recolher lixo verde Doutor Nelson de S\u00e1 Earp e rua Dom Pedro*<\/p>\n<p><strong>Kombi do jardim:<\/strong> manuten\u00e7\u00e3o *<\/p>\n","protected":false},"excerpt":{"rendered":"<p>Diretoria de Obras Obras: vistoria Centro de Cultura Raul de Leoni. Reparo em balaustres Rua Washington Luiz * Instala\u00e7\u00e3o de tela e placa proibitiva de descarte de entulho no bairro Estrada da Saudade (pr\u00f3ximo ao n\u00famero 1.497 * Instala\u00e7\u00e3o de tela e placa proibitiva de descarte de entulho no bairro Estrada da Saudade (exatamente embaixo&hellip;<\/p>\n","protected":false},"author":1,"featured_media":3305,"comment_status":"open","ping_status":"open","sticky":false,"template":"","format":"standard","meta":{"_themeisle_gutenberg_block_has_review":false,"footnotes":""},"categories":[1],"tags":[],"_links":{"self":[{"href":"https:\/\/comdep.com.br\/index.php?rest_route=\/wp\/v2\/posts\/3299"}],"collection":[{"href":"https:\/\/comdep.com.br\/index.php?rest_route=\/wp\/v2\/posts"}],"about":[{"href":"https:\/\/comdep.com.br\/index.php?rest_route=\/wp\/v2\/types\/post"}],"author":[{"embeddable":true,"href":"https:\/\/comdep.com.br\/index.php?rest_route=\/wp\/v2\/users\/1"}],"replies":[{"embeddable":true,"href":"https:\/\/comdep.com.br\/index.php?rest_route=%2Fwp%2Fv2%2Fcomments&post=3299"}],"version-history":[{"count":5,"href":"https:\/\/comdep.com.br\/index.php?rest_route=\/wp\/v2\/posts\/3299\/revisions"}],"predecessor-version":[{"id":3307,"href":"https:\/\/comdep.com.br\/index.php?rest_route=\/wp\/v2\/posts\/3299\/revisions\/3307"}],"wp:featuredmedia":[{"embeddable":true,"href":"https:\/\/comdep.com.br\/index.php?rest_route=\/wp\/v2\/media\/3305"}],"wp:attachment":[{"href":"https:\/\/comdep.com.br\/index.php?rest_route=%2Fwp%2Fv2%2Fmedia&parent=3299"}],"wp:term":[{"taxonomy":"category","embeddable":true,"href":"https:\/\/comdep.com.br\/index.php?rest_route=%2Fwp%2Fv2%2Fcategories&post=3299"},{"taxonomy":"post_tag","embeddable":true,"href":"https:\/\/comdep.com.br\/index.php?rest_route=%2Fwp%2Fv2%2Ftags&post=3299"}],"curies":[{"name":"wp","href":"https:\/\/api.w.org\/{rel}","templated":true}]}}