{"id":3308,"date":"2020-05-11T11:38:35","date_gmt":"2020-05-11T14:38:35","guid":{"rendered":"http:\/\/comdep.com.br\/?p=3308"},"modified":"2020-05-11T12:01:04","modified_gmt":"2020-05-11T15:01:04","slug":"comdep-trabalhando-hoje-10-05-2020-nos-seguintes-locais","status":"publish","type":"post","link":"https:\/\/comdep.com.br\/?p=3308","title":{"rendered":"COMDEP trabalhando hoje 09\/05\/2020 nos seguintes locais:"},"content":{"rendered":"<p><strong>Diretoria Operacional<\/strong><\/p>\n<p><strong>M\u00e1quina e Caminh\u00f5es:<\/strong> Olavo Bilac, Crist\u00f3v\u00e3o Colombo, Cardoso Fontes, Albino Siqueira, Dr. S\u00e1 Earp, Rua Teresa, Morim, Lopes Trov\u00e3o, (Patronato) *<\/p>\n<p><strong>Caminh\u00e3o D 08:<\/strong> General Rondon, Quitandinha, Airton Senna, Coronel Veiga, Washington Luiz, Centro Hist\u00f3rico, Bar\u00e3o do Rio Branco, Piabanha, Bingen, Henrique Rafard, Bar\u00e3o de \u00c1guas Claras, Rua Cuba, Rua Bahia, Rua Acre, Rua Joaquim Ces\u00e1rio, Av. Portugal &nbsp;*<\/p>\n<p><strong>Diretoria de Limpeza Urbana<\/strong><\/p>\n<p><strong>Varri\u00e7\u00e3o<\/strong>: Valpara\u00edso, Fabr\u00edcio de Matos, Rua do Encanto, pra\u00e7a Osvaldo Cruz, 7 de Abril e Montecaseros *<\/p>\n<p><strong>Varri\u00e7\u00e3o<\/strong>: feira livre do Centro *<\/p>\n<p><strong>(03) funcion\u00e1rios<\/strong> trabalhando na feira livre do centro na retirada de res\u00edduos debaixo das bancas *<\/p>\n<p><strong>Caminh\u00e3o (C20) recolhimento de sacos da varri\u00e7\u00e3o:<\/strong> Quitandinha, Coronel Veiga, Alto da Serra, Centro, Centro Hist\u00f3rico e Bingen *<\/p>\n<p><strong>Caminh\u00e3o (C55) Pipa lavagem:<\/strong> Centro, Centro Hist\u00f3rico e pra\u00e7a Alcindo Sodr\u00e9 *<\/p>\n","protected":false},"excerpt":{"rendered":"<p>Diretoria Operacional M\u00e1quina e Caminh\u00f5es: Olavo Bilac, Crist\u00f3v\u00e3o Colombo, Cardoso Fontes, Albino Siqueira, Dr. S\u00e1 Earp, Rua Teresa, Morim, Lopes Trov\u00e3o, (Patronato) * Caminh\u00e3o D 08: General Rondon, Quitandinha, Airton Senna, Coronel Veiga, Washington Luiz, Centro Hist\u00f3rico, Bar\u00e3o do Rio Branco, Piabanha, Bingen, Henrique Rafard, Bar\u00e3o de \u00c1guas Claras, Rua Cuba, Rua Bahia, Rua Acre,&hellip;<\/p>\n","protected":false},"author":1,"featured_media":3311,"comment_status":"open","ping_status":"open","sticky":false,"template":"","format":"standard","meta":{"_themeisle_gutenberg_block_has_review":false,"footnotes":""},"categories":[1],"tags":[],"_links":{"self":[{"href":"https:\/\/comdep.com.br\/index.php?rest_route=\/wp\/v2\/posts\/3308"}],"collection":[{"href":"https:\/\/comdep.com.br\/index.php?rest_route=\/wp\/v2\/posts"}],"about":[{"href":"https:\/\/comdep.com.br\/index.php?rest_route=\/wp\/v2\/types\/post"}],"author":[{"embeddable":true,"href":"https:\/\/comdep.com.br\/index.php?rest_route=\/wp\/v2\/users\/1"}],"replies":[{"embeddable":true,"href":"https:\/\/comdep.com.br\/index.php?rest_route=%2Fwp%2Fv2%2Fcomments&post=3308"}],"version-history":[{"count":3,"href":"https:\/\/comdep.com.br\/index.php?rest_route=\/wp\/v2\/posts\/3308\/revisions"}],"predecessor-version":[{"id":3319,"href":"https:\/\/comdep.com.br\/index.php?rest_route=\/wp\/v2\/posts\/3308\/revisions\/3319"}],"wp:featuredmedia":[{"embeddable":true,"href":"https:\/\/comdep.com.br\/index.php?rest_route=\/wp\/v2\/media\/3311"}],"wp:attachment":[{"href":"https:\/\/comdep.com.br\/index.php?rest_route=%2Fwp%2Fv2%2Fmedia&parent=3308"}],"wp:term":[{"taxonomy":"category","embeddable":true,"href":"https:\/\/comdep.com.br\/index.php?rest_route=%2Fwp%2Fv2%2Fcategories&post=3308"},{"taxonomy":"post_tag","embeddable":true,"href":"https:\/\/comdep.com.br\/index.php?rest_route=%2Fwp%2Fv2%2Ftags&post=3308"}],"curies":[{"name":"wp","href":"https:\/\/api.w.org\/{rel}","templated":true}]}}